{"id":992,"date":"2024-04-19T10:58:58","date_gmt":"2024-04-19T09:58:58","guid":{"rendered":"http:\/\/www.agra-rundfunk.de\/wordpress\/?p=992"},"modified":"2024-04-19T10:58:58","modified_gmt":"2024-04-19T09:58:58","slug":"verfassungsbruch-mit-ansage-oeffentlich-rechtliche-schwaechen-heisst-demokratie-schwaechen","status":"publish","type":"post","link":"https:\/\/www.agra-rundfunk.de\/wordpress\/?p=992","title":{"rendered":"Verfassungsbruch mit Ansage: \u00d6ffentlich-Rechtliche schw\u00e4chen, hei\u00dft Demokratie schw\u00e4chen"},"content":{"rendered":"<p><span class=\"s5\">Die AGRA ist <\/span><span class=\"s5\">entsetzt<\/span><span class=\"s5\"> \u00fcber den <\/span><span class=\"s5\">angek\u00fcndigten<\/span><span class=\"s5\"> bewussten Verfassungsbruch <\/span><span class=\"s5\">durch <\/span><span class=\"s5\">Teile der<\/span><span class=\"s5\"> Politik. <\/span><span class=\"s5\">Landesentscheidungen gef\u00e4hrden die Freiheit <\/span><span class=\"s5\">unserer <\/span><span class=\"s5\">journalistische<\/span><span class=\"s5\">n<\/span><span class=\"s5\"> Berichterstattung. <\/span><span class=\"s5\">F\u00fcr die Finanzierung des \u00f6ffentlich-rechtlichen Rundfunks gibt es \u00fcber die unabh\u00e4ngige Kommission zur Ermittlung des Finanzbedarfs (KEF) ein geordnetes Verfahren, <\/span><span class=\"s5\">dessen <\/span><span class=\"s5\">Einhaltung<\/span><span class=\"s5\"> diesen Auftrag gew\u00e4hrleisten soll. Dieses wurde mehrfach vom Verfassungsgericht best\u00e4tigt.<\/span> <span class=\"s5\">Mehrere <\/span><span class=\"s5\">Ministerpr\u00e4sident:innen und<\/span><span class=\"s5\">\u00a0f\u00fchrende <\/span><span class=\"s5\">Politiker:innen<\/span> <span class=\"s5\">stellen dieses Verfahren ganz aktuell wieder in Frage. <\/span><\/p>\n<p><span class=\"s5\">Die Arbeitsgemeinschaft der Redaktionsaussch\u00fcsse des \u00f6ffentlich<\/span><span class=\"s5\">&#8211;<\/span><span class=\"s5\">rechtlichen Rundfunks (AGRA) fordert die L\u00e4nderparlamente auf, der <\/span><span class=\"s5\">von der KEF <\/span><span class=\"s5\">vorgeschlagenen Erh\u00f6hung des Rundfunkbeitrags zuzustimmen.<\/span> <span class=\"s5\">Wir als redaktionell Mitarbeitende wollen <\/span><span class=\"s5\">verl\u00e4ssliches<\/span><span class=\"s5\"> und <\/span><span class=\"s5\">hochwertiges Programm <\/span><span class=\"s5\">f\u00fcr alle <\/span><span class=\"s5\">machen, <\/span><span class=\"s5\">das<\/span><span class=\"s5\"> im besten Sinne des \u00f6ffentlich-rechtlichen Auftrages auf dem Boden des Grundgesetzes und der Demokratie zur freien Meinungsbildung beitr\u00e4gt. <\/span><span class=\"s5\">U<\/span><span class=\"s5\">nserem Informations- und Bildungsauftrag<\/span><span class=\"s5\"> m\u00fcssen wir<\/span><span class=\"s5\"> auch in Zukunft gerecht werden<\/span><span class=\"s5\">, au\u00dferdem <\/span><span class=\"s5\">den digitalen Wandel weiter vorantreiben, unsere Angebote auch f\u00fcr junge Menschen attraktiv machen und zum gesellschaftlichen Zusammenhalt beitragen. Daf\u00fcr brauchen wir Mittel f\u00fcr Recherche, hintergr\u00fcndige Berichterstattung und die Entwicklung neuer Formate auch im Digitalen.<\/span><\/p>\n<p><span class=\"s5\">In Zeiten gesellschaftlichen Umbruchs und angesichts des Erstarkens demokratiefeindlicher Bewegungen halten wir diesen Auftrag f\u00fcr wichtiger denn je.<\/span> <span class=\"s5\">Durch die<\/span><span class=\"s5\">Sparma\u00dfnahmen der vergangenen Jahre und die nicht an die Inflation angepasste Finanzierung <\/span><span class=\"s5\">droht eine<\/span><span class=\"s5\"> Erosion journalistischer Qualit\u00e4t. Wir als redaktionell Mitarbeitende sehen durch diese Einschr\u00e4nkungen<\/span> <span class=\"s5\">damit zunehmend <\/span><span class=\"s5\">die Erf\u00fcllung des \u00f6ffentlich-rechtlichen Kernauftrags <\/span><span class=\"s5\">bedroht.<\/span><\/p>\n<p><span class=\"s5\">Die AGRA erwartet, dass sich die Abgeordneten der L\u00e4nderparlamente an dieses Verfahren halten und der vom Bundesverfassungsgericht best\u00e4tigten Verpflichtung zur Finanzierung des \u00f6ffentlich-rechtlichen Rundfunks weiter nachkommen.<\/span><span class=\"s5\"> Au\u00dferdem fordern wir von <\/span><span class=\"s5\">unseren H\u00e4usern, dass journalistische Inhalte <\/span><span class=\"s5\">weiterhin <\/span><span class=\"s5\">Priorit\u00e4t<\/span> <span class=\"s5\">haben m\u00fcssen <\/span><span class=\"s5\">und nicht den Sparma\u00dfnahmen zum Opfer fallen.<\/span><\/p>\n<p>______________<\/p>\n<p>AGRA \u2013 Arbeitsgemeinschaft der \u00f6ffentlich-rechtlichen Redakteursaussch\u00fcsse<\/p>\n<p>Sprecher*innen: Hubert Krech (ZDF), Gabi Probst (RBB), Alexandra Dietz (SWR)<\/p>\n<p>Kontakt: sprecher@agra-rundfunk.de \u2013 http:\/\/blog.agra-rundfunk.de<\/p>\n<p>Die AGRA ist die Arbeitsgemeinschaft der \u00f6ffentlich-rechtlichen Redakteursaussch\u00fcsse (ARD, ZDF, Deutschlandradio und Deutsche Welle). Die Redakteursaussch\u00fcsse sind jeweils gew\u00e4hlte Vertreter der Redakteure und setzen sich f\u00fcr die innere und \u00e4u\u00dfere Pressefreiheit ein. Die Redakteursmitwirkung im \u00f6ffentlich-rechtlichen Rundfunk wurde vom Bundesverfassungsgericht best\u00e4tigt und ist in mehreren Bundesl\u00e4ndern gesetzlich festgeschrieben.<\/p>\n","protected":false},"excerpt":{"rendered":"<p>Die AGRA ist entsetzt \u00fcber den angek\u00fcndigten bewussten Verfassungsbruch durch Teile der Politik. Landesentscheidungen gef\u00e4hrden die Freiheit unserer journalistischen Berichterstattung. F\u00fcr die Finanzierung des \u00f6ffentlich-rechtlichen Rundfunks gibt es \u00fcber die unabh\u00e4ngige Kommission zur Ermittlung des Finanzbedarfs (KEF) ein geordnetes Verfahren, dessen Einhaltung diesen Auftrag gew\u00e4hrleisten soll. Dieses wurde mehrfach vom Verfassungsgericht best\u00e4tigt. Mehrere Ministerpr\u00e4sident:innen und\u00a0f\u00fchrende &hellip; <\/p>\n<p class=\"link-more\"><a href=\"https:\/\/www.agra-rundfunk.de\/wordpress\/?p=992\" class=\"more-link\"><span class=\"screen-reader-text\">\u201eVerfassungsbruch mit Ansage: \u00d6ffentlich-Rechtliche schw\u00e4chen, hei\u00dft Demokratie schw\u00e4chen\u201c<\/span> weiterlesen<\/a><\/p>\n","protected":false},"author":8,"featured_media":0,"comment_status":"open","ping_status":"open","sticky":false,"template":"","format":"standard","meta":{"jetpack_post_was_ever_published":false,"_jetpack_newsletter_access":"","_jetpack_dont_email_post_to_subs":false,"_jetpack_newsletter_tier_id":0,"_jetpack_memberships_contains_paywalled_content":false,"_jetpack_memberships_contains_paid_content":false,"footnotes":"","jetpack_publicize_message":"","jetpack_publicize_feature_enabled":true,"jetpack_social_post_already_shared":true,"jetpack_social_options":{"image_generator_settings":{"template":"highway","default_image_id":0,"font":"","enabled":false},"version":2}},"categories":[1],"tags":[],"class_list":["post-992","post","type-post","status-publish","format-standard","hentry","category-uncategorized","entry"],"jetpack_publicize_connections":[],"jetpack_featured_media_url":"","jetpack_sharing_enabled":true,"jetpack_shortlink":"https:\/\/wp.me\/p5x4SE-g0","_links":{"self":[{"href":"https:\/\/www.agra-rundfunk.de\/wordpress\/index.php?rest_route=\/wp\/v2\/posts\/992","targetHints":{"allow":["GET"]}}],"collection":[{"href":"https:\/\/www.agra-rundfunk.de\/wordpress\/index.php?rest_route=\/wp\/v2\/posts"}],"about":[{"href":"https:\/\/www.agra-rundfunk.de\/wordpress\/index.php?rest_route=\/wp\/v2\/types\/post"}],"author":[{"embeddable":true,"href":"https:\/\/www.agra-rundfunk.de\/wordpress\/index.php?rest_route=\/wp\/v2\/users\/8"}],"replies":[{"embeddable":true,"href":"https:\/\/www.agra-rundfunk.de\/wordpress\/index.php?rest_route=%2Fwp%2Fv2%2Fcomments&post=992"}],"version-history":[{"count":2,"href":"https:\/\/www.agra-rundfunk.de\/wordpress\/index.php?rest_route=\/wp\/v2\/posts\/992\/revisions"}],"predecessor-version":[{"id":994,"href":"https:\/\/www.agra-rundfunk.de\/wordpress\/index.php?rest_route=\/wp\/v2\/posts\/992\/revisions\/994"}],"wp:attachment":[{"href":"https:\/\/www.agra-rundfunk.de\/wordpress\/index.php?rest_route=%2Fwp%2Fv2%2Fmedia&parent=992"}],"wp:term":[{"taxonomy":"category","embeddable":true,"href":"https:\/\/www.agra-rundfunk.de\/wordpress\/index.php?rest_route=%2Fwp%2Fv2%2Fcategories&post=992"},{"taxonomy":"post_tag","embeddable":true,"href":"https:\/\/www.agra-rundfunk.de\/wordpress\/index.php?rest_route=%2Fwp%2Fv2%2Ftags&post=992"}],"curies":[{"name":"wp","href":"https:\/\/api.w.org\/{rel}","templated":true}]}}