{"id":985,"date":"2024-04-04T15:03:58","date_gmt":"2024-04-04T14:03:58","guid":{"rendered":"http:\/\/www.agra-rundfunk.de\/wordpress\/?p=985"},"modified":"2024-04-04T15:04:52","modified_gmt":"2024-04-04T14:04:52","slug":"manifest-fuer-neuen-rundfunk-liegt-in-zentralen-punkten-falsch","status":"publish","type":"post","link":"https:\/\/www.agra-rundfunk.de\/wordpress\/?p=985","title":{"rendered":"\u201eManifest\u201c f\u00fcr neuen Rundfunk liegt in zentralen Punkten falsch"},"content":{"rendered":"\r\n<p>Die AGRA widerspricht dem \u201eManifest f\u00fcr einen neuen \u00f6ffentlich-rechtlichen Rundfunk in Deutschland\u201c in wesentlichen Punkten. Der Eindruck, dass in den Sendern nur vorgegebene Meinungen diskutiert und verbreitet w\u00fcrden und nur \u201eMainstream\u201c-Themen und -Berichterstattung stattfinden k\u00f6nnten, ist falsch. Eine Gruppe von Kritikern hatte am 4. April 2024 ein \u201eManifest\u201c ver\u00f6ffentlicht, in dem den Sendern unter anderem eine fehlende Meinungsvielfalt vorgeworfen wurde. <a href=\"https:\/\/www.meinungsvielfalt.jetzt\/manifest.html\" target=\"_blank\" rel=\"noopener\">(Link zum Manifest)<\/a><br \/><br \/>Die AGRA stellt hingegen klar: Wir haben \u00fcberall eine lebhafte Streitkultur, bei der alle Meinungen ge\u00e4u\u00dfert werden. Berichterstattung findet grunds\u00e4tzlich nach journalistischen Prinzipien statt.<br \/><br \/>Die Redakteursaussch\u00fcsse, die von den aktiven Redakteurinnen und Redakteuren der Sender gew\u00e4hlt werden, kontrollieren die Einhaltung der Regularien der inneren Rundfunkfreiheit, zu der die Unabh\u00e4ngigkeit wie auch die Meinungsvielfalt geh\u00f6ren. Jede Programmmacherin und jeder Programmmacher kann sich beim Verdacht auf einen Programmkonflikt an die Aussch\u00fcsse wenden.<br \/><br \/>Starke Redaktionsstatute garantieren die Rechte und Pflichten der Programmmacherinnen und -macher. Deshalb m\u00fcssen die Statute weiter gest\u00e4rkt werden, die Redaktionsvertretungen brauchen zudem ein garantiertes Berichts- und Rederecht in den Aufsichtsgremien wie den ARD-Rundfunkr\u00e4ten und dem ZDF-Fernsehrat.<br \/><br \/><br \/>______________<br \/><br \/>AGRA \u2013 Arbeitsgemeinschaft der \u00f6ffentlich-rechtlichen Redakteursaussch\u00fcsse<br \/><br \/>Sprecher*innen: Hubert Krech (ZDF), Gabi Probst (RBB), Alexandra Dietz (SWR)<br \/><br \/>Kontakt: sprecher@agra-rundfunk.de \u2013 http:\/\/blog.agra-rundfunk.de<br \/><br \/>Die AGRA ist die Arbeitsgemeinschaft der \u00f6ffentlich-rechtlichen Redakteursaussch\u00fcsse (ARD, ZDF, Deutschlandradio und Deutsche Welle). Die Redakteursaussch\u00fcsse sind jeweils gew\u00e4hlte Vertreter der Redakteure und setzen sich f\u00fcr die innere und \u00e4u\u00dfere Pressefreiheit ein. Die Redakteursmitwirkung im \u00f6ffentlich-rechtlichen Rundfunk wurde vom Bundesverfassungsgericht best\u00e4tigt und ist in mehreren Bundesl\u00e4ndern gesetzlich festgeschrieben.<\/p>\r\n","protected":false},"excerpt":{"rendered":"<p>Die AGRA widerspricht dem \u201eManifest f\u00fcr einen neuen \u00f6ffentlich-rechtlichen Rundfunk in Deutschland\u201c in wesentlichen Punkten. Der Eindruck, dass in den Sendern nur vorgegebene Meinungen diskutiert und verbreitet w\u00fcrden und nur \u201eMainstream\u201c-Themen und -Berichterstattung stattfinden k\u00f6nnten, ist falsch. Eine Gruppe von Kritikern hatte am 4. April 2024 ein \u201eManifest\u201c ver\u00f6ffentlicht, in dem den Sendern unter anderem &hellip; <\/p>\n<p class=\"link-more\"><a href=\"https:\/\/www.agra-rundfunk.de\/wordpress\/?p=985\" class=\"more-link\"><span class=\"screen-reader-text\">\u201e\u201eManifest\u201c f\u00fcr neuen Rundfunk liegt in zentralen Punkten falsch\u201c<\/span> weiterlesen<\/a><\/p>\n","protected":false},"author":8,"featured_media":0,"comment_status":"open","ping_status":"open","sticky":false,"template":"","format":"standard","meta":{"jetpack_post_was_ever_published":false,"_jetpack_newsletter_access":"","_jetpack_dont_email_post_to_subs":false,"_jetpack_newsletter_tier_id":0,"_jetpack_memberships_contains_paywalled_content":false,"_jetpack_memberships_contains_paid_content":false,"footnotes":"","jetpack_publicize_message":"","jetpack_publicize_feature_enabled":true,"jetpack_social_post_already_shared":true,"jetpack_social_options":{"image_generator_settings":{"template":"highway","default_image_id":0,"font":"","enabled":false},"version":2}},"categories":[1],"tags":[],"class_list":["post-985","post","type-post","status-publish","format-standard","hentry","category-uncategorized","entry"],"jetpack_publicize_connections":[],"jetpack_featured_media_url":"","jetpack_sharing_enabled":true,"jetpack_shortlink":"https:\/\/wp.me\/p5x4SE-fT","_links":{"self":[{"href":"https:\/\/www.agra-rundfunk.de\/wordpress\/index.php?rest_route=\/wp\/v2\/posts\/985","targetHints":{"allow":["GET"]}}],"collection":[{"href":"https:\/\/www.agra-rundfunk.de\/wordpress\/index.php?rest_route=\/wp\/v2\/posts"}],"about":[{"href":"https:\/\/www.agra-rundfunk.de\/wordpress\/index.php?rest_route=\/wp\/v2\/types\/post"}],"author":[{"embeddable":true,"href":"https:\/\/www.agra-rundfunk.de\/wordpress\/index.php?rest_route=\/wp\/v2\/users\/8"}],"replies":[{"embeddable":true,"href":"https:\/\/www.agra-rundfunk.de\/wordpress\/index.php?rest_route=%2Fwp%2Fv2%2Fcomments&post=985"}],"version-history":[{"count":4,"href":"https:\/\/www.agra-rundfunk.de\/wordpress\/index.php?rest_route=\/wp\/v2\/posts\/985\/revisions"}],"predecessor-version":[{"id":990,"href":"https:\/\/www.agra-rundfunk.de\/wordpress\/index.php?rest_route=\/wp\/v2\/posts\/985\/revisions\/990"}],"wp:attachment":[{"href":"https:\/\/www.agra-rundfunk.de\/wordpress\/index.php?rest_route=%2Fwp%2Fv2%2Fmedia&parent=985"}],"wp:term":[{"taxonomy":"category","embeddable":true,"href":"https:\/\/www.agra-rundfunk.de\/wordpress\/index.php?rest_route=%2Fwp%2Fv2%2Fcategories&post=985"},{"taxonomy":"post_tag","embeddable":true,"href":"https:\/\/www.agra-rundfunk.de\/wordpress\/index.php?rest_route=%2Fwp%2Fv2%2Ftags&post=985"}],"curies":[{"name":"wp","href":"https:\/\/api.w.org\/{rel}","templated":true}]}}