{"id":1033,"date":"2025-01-29T14:48:47","date_gmt":"2025-01-29T13:48:47","guid":{"rendered":"http:\/\/www.agra-rundfunk.de\/wordpress\/?p=1033"},"modified":"2025-01-29T14:48:47","modified_gmt":"2025-01-29T13:48:47","slug":"angriff-auf-den-orf-oesterreich-darf-nicht-ungarn-werden","status":"publish","type":"post","link":"https:\/\/www.agra-rundfunk.de\/wordpress\/?p=1033","title":{"rendered":"Angriff auf den ORF: \u00d6sterreich darf nicht Ungarn werden!"},"content":{"rendered":"<h5>AGRA ist besorgt \u00fcber die Situation der Medien im Nachbarland und kritisiert den geplanten Umbau des \u00f6ffentlich-rechtlichen Senders ORF<\/h5>\n<p>Wir sehen die Situation des ORF und anderer Qualit\u00e4tsmedien in \u00d6sterreich mit gro\u00dfer Sorge. Nach Pl\u00e4nen der weit rechts stehenden FP\u00d6 steht die Medienlandschaft vor einem massiven und f\u00fcr die Meinungsfreiheit gef\u00e4hrlichen Umbau. Die FP\u00d6, die m\u00f6glicherweise bald den Kanzler stellt, hat unverhohlen angek\u00fcndigt, den ORF nach dem Vorbild des ungarischen Rundfunks komplett zu ver\u00e4ndern,<\/p>\n<p>Die FP\u00d6 wirft dem unabh\u00e4ngigen ORF seit Jahren vor, ein \u201eRegierungssender\u201c zu sein- und f\u00fchrt nun genau dies im Schilde: den Umbau zu einem Staatsfunk, der regierungs-freundlich berichtet und finanziell an die Kandare genommen werden soll. Besetzt mit FP\u00d6-freundlichem Personal.<\/p>\n<p>Die FP\u00d6 hat angek\u00fcndigt, den ORF zu einem \u201eGrundfunk\u201c zurecht stutzen zu wollen. Die Haushaltsabgabe \u2013 eine unabh\u00e4ngige Form der Finanzierung \u2013 wurde als \u201eZwangssteuer\u201c bezeichnet. Durch die Finanzierung aus dem Bundeshaushalt h\u00e4tte die Regierung direkten Zugriff auf die Finanzierung des \u00f6ffentlich-rechtlichen Senders &#8211; mit erheblichem Erpressungspotential.<\/p>\n<p>Gleichzeitig will die FP\u00d6 Steuergelder als \u201eMedienf\u00f6rderung\u201c in rechte Plattformen umleiten, um dort ungest\u00f6rt von kritischen Fragen ihre politische Propaganda unters Volk zu bringen. Die FP\u00d6 ist auch hier Vorbild f\u00fcr die AFD, auch sie kritisiert polemisch den \u00f6ffentlich-rechtlichen Rundfunk und baut auf eigene Kan\u00e4le in den sozialen Medien.<\/p>\n<p>Wenn sich die FP\u00d6 mit ihren Pl\u00e4nen f\u00fcr die Medien durchsetzt, droht in \u00d6sterreich eine weitere Spaltung der Gesellschaft und damit ein massiver Schaden f\u00fcr die Demokratie. Wenn die ehemals EU-freundliche Volkspartei \u00d6VP diese Pl\u00e4ne ihres m\u00f6glichen Regierungspartners FP\u00d6 unterst\u00fctzt, gef\u00e4hrdet die neue Regierung europaweit den Ruf \u00d6sterreichs als weltoffenes, touristen-freundliches und export-orientiertes Land.<\/p>\n<p>Wir Journalistinnen und Journalisten sind sehr besorgt \u00fcber die Entwicklung der Medien in \u00d6sterreich.<\/p>\n<p>Daher appellieren wir an alle politisch Verantwortlichen: Gef\u00e4hrden Sie nicht aus kurzfristigen partei- und machtpolitischen Interessen die Qualit\u00e4tsmedien in Ihrem Land. Unabh\u00e4ngiger und objektiver Journalismus ist f\u00fcr eine gemeinsame Faktenbasis unerl\u00e4sslich. Und damit f\u00fcr den Erhalt der Demokratie.<\/p>\n<p>______________<\/p>\n<p>AGRA \u2013 Arbeitsgemeinschaft der \u00f6ffentlich-rechtlichen Redaktionsaussch\u00fcsse<\/p>\n<p>Sprecher*innen: Hubert Krech (ZDF), Gabi Probst (RBB), Alexandra Dietz (SWR))<\/p>\n<p>Kontakt: <a href=\"mailto:sprecher@agra-rundfunk.de\">sprecher@agra-rundfunk.de<\/a> &#8211; <a href=\"http:\/\/blog.agra-rundfunk.de\">http:\/\/blog.agra-rundfunk.de<\/a><\/p>\n<p>Die AGRA ist die Arbeitsgemeinschaft der \u00f6ffentlich-rechtlichen Redaktionsaussch\u00fcsse (ARD, ZDF, Deutschlandradio und Deutsche Welle). Die Redaktionsaussch\u00fcsse sind jeweils gew\u00e4hlte Vertreter der Redakteurinnen und Redakteure und setzen sich f\u00fcr die innere und \u00e4u\u00dfere Pressefreiheit ein. Die Redakteursmitwirkung im \u00f6ffentlich-rechtlichen Rundfunk wurde vom Bundesverfassungsgericht best\u00e4tigt und ist in mehreren Bundesl\u00e4ndern gesetzlich festgeschrieben.<\/p>\n","protected":false},"excerpt":{"rendered":"<p>AGRA ist besorgt \u00fcber die Situation der Medien im Nachbarland und kritisiert den geplanten Umbau des \u00f6ffentlich-rechtlichen Senders ORF Wir sehen die Situation des ORF und anderer Qualit\u00e4tsmedien in \u00d6sterreich mit gro\u00dfer Sorge. Nach Pl\u00e4nen der weit rechts stehenden FP\u00d6 steht die Medienlandschaft vor einem massiven und f\u00fcr die Meinungsfreiheit gef\u00e4hrlichen Umbau. Die FP\u00d6, die &hellip; <\/p>\n<p class=\"link-more\"><a href=\"https:\/\/www.agra-rundfunk.de\/wordpress\/?p=1033\" class=\"more-link\"><span class=\"screen-reader-text\">\u201eAngriff auf den ORF: \u00d6sterreich darf nicht Ungarn werden!\u201c<\/span> weiterlesen<\/a><\/p>\n","protected":false},"author":8,"featured_media":0,"comment_status":"open","ping_status":"open","sticky":false,"template":"","format":"standard","meta":{"jetpack_post_was_ever_published":false,"_jetpack_newsletter_access":"","_jetpack_dont_email_post_to_subs":false,"_jetpack_newsletter_tier_id":0,"_jetpack_memberships_contains_paywalled_content":false,"_jetpack_memberships_contains_paid_content":false,"footnotes":"","jetpack_publicize_message":"","jetpack_publicize_feature_enabled":true,"jetpack_social_post_already_shared":true,"jetpack_social_options":{"image_generator_settings":{"template":"highway","default_image_id":0,"font":"","enabled":false},"version":2}},"categories":[1],"tags":[],"class_list":["post-1033","post","type-post","status-publish","format-standard","hentry","category-uncategorized","entry"],"jetpack_publicize_connections":[],"jetpack_featured_media_url":"","jetpack_sharing_enabled":true,"jetpack_shortlink":"https:\/\/wp.me\/p5x4SE-gF","_links":{"self":[{"href":"https:\/\/www.agra-rundfunk.de\/wordpress\/index.php?rest_route=\/wp\/v2\/posts\/1033","targetHints":{"allow":["GET"]}}],"collection":[{"href":"https:\/\/www.agra-rundfunk.de\/wordpress\/index.php?rest_route=\/wp\/v2\/posts"}],"about":[{"href":"https:\/\/www.agra-rundfunk.de\/wordpress\/index.php?rest_route=\/wp\/v2\/types\/post"}],"author":[{"embeddable":true,"href":"https:\/\/www.agra-rundfunk.de\/wordpress\/index.php?rest_route=\/wp\/v2\/users\/8"}],"replies":[{"embeddable":true,"href":"https:\/\/www.agra-rundfunk.de\/wordpress\/index.php?rest_route=%2Fwp%2Fv2%2Fcomments&post=1033"}],"version-history":[{"count":4,"href":"https:\/\/www.agra-rundfunk.de\/wordpress\/index.php?rest_route=\/wp\/v2\/posts\/1033\/revisions"}],"predecessor-version":[{"id":1037,"href":"https:\/\/www.agra-rundfunk.de\/wordpress\/index.php?rest_route=\/wp\/v2\/posts\/1033\/revisions\/1037"}],"wp:attachment":[{"href":"https:\/\/www.agra-rundfunk.de\/wordpress\/index.php?rest_route=%2Fwp%2Fv2%2Fmedia&parent=1033"}],"wp:term":[{"taxonomy":"category","embeddable":true,"href":"https:\/\/www.agra-rundfunk.de\/wordpress\/index.php?rest_route=%2Fwp%2Fv2%2Fcategories&post=1033"},{"taxonomy":"post_tag","embeddable":true,"href":"https:\/\/www.agra-rundfunk.de\/wordpress\/index.php?rest_route=%2Fwp%2Fv2%2Ftags&post=1033"}],"curies":[{"name":"wp","href":"https:\/\/api.w.org\/{rel}","templated":true}]}}