{"id":1025,"date":"2025-01-17T15:13:34","date_gmt":"2025-01-17T14:13:34","guid":{"rendered":"https:\/\/www.agra-rundfunk.de\/wordpress\/?p=1025"},"modified":"2025-01-17T15:28:19","modified_gmt":"2025-01-17T14:28:19","slug":"mehr-redaktionelle-expertise-fuer-redaktionelle-arbeit","status":"publish","type":"post","link":"https:\/\/www.agra-rundfunk.de\/wordpress\/?p=1025","title":{"rendered":"Mehr redaktionelle Expertise f\u00fcr redaktionelle Arbeit!"},"content":{"rendered":"<h5>AGRA kritisiert das ARD-Kommunikationsdesaster in der Sache Thilo Mischke\/ttt und fordert verbriefte Mitspracherechte f\u00fcr den &#8222;Maschinenraum&#8220;<\/h5>\n<p class=\"x_MsoNormal\" data-olk-copy-source=\"MessageBody\">Die Debatte um die Nachfolge von Max Moor bei der ARD-Kultursendung\u00a0<i>ttt \u2013 Titel, Thesen, Temperamente<\/i> wirft kein gutes Licht auf den \u00f6ffentlich-rechtlichen Rundfunk. Kurz vor Weihnachten war Thilo Mischke als zweites Gesicht der Sendung neben Siham El-Maimouni pr\u00e4sentiert worden, au\u00dferdem sollte er einen geplanten <i>ttt-<\/i>Podcast hosten (gemeinsam mit Jule Lobo). Anfang Januar wurde nach massiver Kritik an Mischke die Entscheidung f\u00fcr ihn als neuen zweiten\u00a0<i>ttt<\/i>-Moderator wieder r\u00fcckg\u00e4ngig gemacht. Der Vorgang hat nicht nur Thilo Mischke besch\u00e4digt, sondern vor allem die ARD.<\/p>\n<p class=\"x_MsoNormal\">Der \u00f6ffentlich-rechtliche Rundfunk steht ohne Not schlecht da. Zum einen durch eine mangelhafte, verzagte Krisenkommunikation, in der niemand von den direkt Verantwortlichen f\u00fcr die Entscheidung Verantwortung \u00fcbernommen und sie erkl\u00e4rt hat. ARD-Programmdirektorin Christine Strobl hat sich zwar ge\u00e4u\u00dfert, das aber nur vage und mit Verweis darauf, dass sie mit der Sache nichts zu tun hatte.<\/p>\n<p>Wir Journalistinnen und Journalisten in den Rundfunkanstalten erwarten von Beh\u00f6rden und Unternehmen z\u00fcgige R\u00fcckmeldungen und vor allem Antworten auf unsere Fragen, das Medienunternehmen ARD aber selbst schafft es nicht, zeitnah auf \u00f6ffentliche Kritik angemessen zu reagieren. Das ist f\u00fcr uns als AGRA ein Armutszeugnis.<\/p>\n<p>Zum anderen h\u00e4tte sich die ARD durch eine bessere und informiertere Entscheidungsfindung die ganze Debatte ersparen k\u00f6nnen \u2013 die absehbare Kritik an Thilo Mischke wurde offenbar untersch\u00e4tzt, obwohl sie intern von Leuten aus den Redaktionen ge\u00e4u\u00dfert wurde. Die SZ sprach von einer &#8222;massiven Kluft&#8220; zwischen Redaktionen und F\u00fchrung, die FAZ erkannte &#8222;derart erschreckende Zust\u00e4nde innerhalb der ARD, dass man die Programmverantwortlichen damit nicht davonkommen lassen sollte.&#8220;<\/p>\n<p class=\"x_MsoNormal\">Die AGRA fordert deshalb, tats\u00e4chlich Lehren aus dem Findungs- und Kommunikationsdesaster zu ziehen \u2013 durch \u00dcbernahme von Verantwortung durch die Verantwortlichen und durch verbriefte Mitspracherechte des &#8222;Maschinenraums&#8220; bei k\u00fcnftigen Personal- oder Richtungsentscheidungen. Die Redaktionen m\u00fcssen aus ihrer Erfahrung und aufgrund ihrer Expertise Voten abgeben k\u00f6nnen, die von den Verantwortlichen nicht ohne Weiteres \u00fcbergangen werden k\u00f6nnen, sondern zu denen sie sich qualifiziert verhalten m\u00fcssen. Das lie\u00dfe sich \u00fcber einheitliche, starke Redaktionsstatute regeln, f\u00fcr die sich die AGRA seit langem einsetzt.<\/p>\n","protected":false},"excerpt":{"rendered":"<p>AGRA kritisiert das ARD-Kommunikationsdesaster in der Sache Thilo Mischke\/ttt und fordert verbriefte Mitspracherechte f\u00fcr den &#8222;Maschinenraum&#8220; Die Debatte um die Nachfolge von Max Moor bei der ARD-Kultursendung\u00a0ttt \u2013 Titel, Thesen, Temperamente wirft kein gutes Licht auf den \u00f6ffentlich-rechtlichen Rundfunk. Kurz vor Weihnachten war Thilo Mischke als zweites Gesicht der Sendung neben Siham El-Maimouni pr\u00e4sentiert worden, &hellip; <\/p>\n<p class=\"link-more\"><a href=\"https:\/\/www.agra-rundfunk.de\/wordpress\/?p=1025\" class=\"more-link\"><span class=\"screen-reader-text\">\u201eMehr redaktionelle Expertise f\u00fcr redaktionelle Arbeit!\u201c<\/span> weiterlesen<\/a><\/p>\n","protected":false},"author":8,"featured_media":0,"comment_status":"open","ping_status":"open","sticky":false,"template":"","format":"standard","meta":{"jetpack_post_was_ever_published":false,"_jetpack_newsletter_access":"","_jetpack_dont_email_post_to_subs":false,"_jetpack_newsletter_tier_id":0,"_jetpack_memberships_contains_paywalled_content":false,"_jetpack_memberships_contains_paid_content":false,"footnotes":"","jetpack_publicize_message":"","jetpack_publicize_feature_enabled":true,"jetpack_social_post_already_shared":true,"jetpack_social_options":{"image_generator_settings":{"template":"highway","default_image_id":0,"font":"","enabled":false},"version":2}},"categories":[1],"tags":[],"class_list":["post-1025","post","type-post","status-publish","format-standard","hentry","category-uncategorized","entry"],"jetpack_publicize_connections":[],"jetpack_featured_media_url":"","jetpack_sharing_enabled":true,"jetpack_shortlink":"https:\/\/wp.me\/p5x4SE-gx","_links":{"self":[{"href":"https:\/\/www.agra-rundfunk.de\/wordpress\/index.php?rest_route=\/wp\/v2\/posts\/1025","targetHints":{"allow":["GET"]}}],"collection":[{"href":"https:\/\/www.agra-rundfunk.de\/wordpress\/index.php?rest_route=\/wp\/v2\/posts"}],"about":[{"href":"https:\/\/www.agra-rundfunk.de\/wordpress\/index.php?rest_route=\/wp\/v2\/types\/post"}],"author":[{"embeddable":true,"href":"https:\/\/www.agra-rundfunk.de\/wordpress\/index.php?rest_route=\/wp\/v2\/users\/8"}],"replies":[{"embeddable":true,"href":"https:\/\/www.agra-rundfunk.de\/wordpress\/index.php?rest_route=%2Fwp%2Fv2%2Fcomments&post=1025"}],"version-history":[{"count":6,"href":"https:\/\/www.agra-rundfunk.de\/wordpress\/index.php?rest_route=\/wp\/v2\/posts\/1025\/revisions"}],"predecessor-version":[{"id":1031,"href":"https:\/\/www.agra-rundfunk.de\/wordpress\/index.php?rest_route=\/wp\/v2\/posts\/1025\/revisions\/1031"}],"wp:attachment":[{"href":"https:\/\/www.agra-rundfunk.de\/wordpress\/index.php?rest_route=%2Fwp%2Fv2%2Fmedia&parent=1025"}],"wp:term":[{"taxonomy":"category","embeddable":true,"href":"https:\/\/www.agra-rundfunk.de\/wordpress\/index.php?rest_route=%2Fwp%2Fv2%2Fcategories&post=1025"},{"taxonomy":"post_tag","embeddable":true,"href":"https:\/\/www.agra-rundfunk.de\/wordpress\/index.php?rest_route=%2Fwp%2Fv2%2Ftags&post=1025"}],"curies":[{"name":"wp","href":"https:\/\/api.w.org\/{rel}","templated":true}]}}