{"id":979,"date":"2024-01-24T16:09:45","date_gmt":"2024-01-24T15:09:45","guid":{"rendered":"http:\/\/www.agra-rundfunk.de\/wordpress\/?p=979"},"modified":"2024-01-24T16:13:49","modified_gmt":"2024-01-24T15:13:49","slug":"rundfunkreform-jetzt-die-journalistinnen-und-journalisten-staerken","status":"publish","type":"post","link":"http:\/\/www.agra-rundfunk.de\/wordpress\/?p=979","title":{"rendered":"Rundfunkreform: Jetzt die Journalistinnen und Journalisten st\u00e4rken!"},"content":{"rendered":"<div class=\"default-style\">Die Arbeitsgemeinschaft der \u00f6ffentlich-rechtlichen Redakteursaussch\u00fcsse AGRA hat nach der Vorstellung des Berichts des Zukunftsrats dringende Anliegen an die Mitglieder der Rundfunkkommission der L\u00e4nder formuliert.<\/div>\n<div>Hier der Brief im Wortlaut:<\/div>\n<div class=\"default-style\"><\/div>\n<div class=\"default-style\">\n<p><strong>Rundfunkreform: Jetzt die Journalistinnen und Journalisten st\u00e4rken!<\/strong><\/p>\n<p><strong>Brief der \u00f6ffentlich-rechtlichen Redakteursaussch\u00fcsse an die Rundfunkkommission<\/strong><\/p>\n<p>Sehr geehrte Damen und Herren,<\/p>\n<p>der Zukunftsrat, den Sie eingesetzt haben, hat letzte Woche weitreichende Vorschl\u00e4ge f\u00fcr die Reform von ARD, ZDF und Deutschlandradio vorgelegt. Eine wichtige Forderung des Gremiums ist die St\u00e4rkung der Journalistinnen und Journalisten: Es m\u00fcssten verst\u00e4rkt Verfahren und Mechanismen bereitgestellt werden, um die programmgestaltenden Mitarbeiterinnen und Mitarbeiter zu sch\u00fctzen und in ihrer Unabh\u00e4ngigkeit zu st\u00e4rken. Zudem erinnerte der Zukunftsrat an den Auftrag der pluralistischen Berichterstattung (s. Seite 14 des Berichts).<\/p>\n<p>Diese Themen ber\u00fchren den Kern der inneren Rundfunkfreiheit und damit die T\u00e4tigkeiten der Redaktionsvertretungen in den Anstalten. Genau diese essenziellen Punkte haben wir AGRA-Sprecher Anfang Dezember bei einem Treffen mit dem Zukunftsrat er\u00f6rtert. Wir freuen uns deshalb sehr, dass dieses zentrale Anliegen der Unabh\u00e4ngigkeit in dem Bericht zu finden ist. Auch die Empfehlung einer \u201ekollegialen F\u00fchrung\u201c, bei der die Entscheidungsfindung nicht l\u00e4nger auf die \u201eoberste F\u00fchrungsebene\u201c beschr\u00e4nkt ist, begr\u00fc\u00dfen wir ausdr\u00fccklich.<\/p>\n<p>Wir bitten Sie, dass Sie bei allen Entscheidungen zur Reform des \u00f6ffentlich-rechtlichen Rundfunks die Innere Rundfunkfreiheit in den Mittelpunkt der Beratungen stellen. Die Journalistinnen und Journalisten sind die Berufsgruppe, die den Meinungspluralismus in den Anstalten garantiert. Das hat auch das Bundesverfassungsgericht schon 1991 best\u00e4tigt.<\/p>\n<p>Konkret fordern wir:<\/p>\n<ul>\n<li>starke Redaktionsstatute in allen Anstalten von ARD, ZDF und Deutschlandradio,<\/li>\n<li>ein st\u00e4ndiges Rede- bzw. Berichtsrecht der jeweiligen Redaktionsvertretungen in den Rundfunkr\u00e4ten der ARD und des Deutschlandradios bzw. dem ZDF-Fernsehrat und den ggf. neu zu gr\u00fcndenden, vom Zukunftsrat angedachten Medienr\u00e4ten,<\/li>\n<li>Mitsprache bei allen Reformvorhaben au\u00dferhalb und innerhalb der Sendeanstalten, die programmliche und redaktionelle Interessen ber\u00fchren.<\/li>\n<\/ul>\n<p>Im Sinne der Rundfunkfreiheit und der unabh\u00e4ngigen Berichterstattung ist es zwingend notwendig, diese Punkte in Landesgesetzen, Staatsvertr\u00e4gen, Verordnungen und Dienstanweisungen in den Sendern zu verankern.<\/p>\n<p>Ausdr\u00fccklich begr\u00fc\u00dfen wir auch das klare Bekenntnis des Zukunftsrats zur politisch unabh\u00e4ngigen Finanzierung, der technologischen Weiterentwicklung, dem Schaffen von Experimentierfeldern und der St\u00e4rkung der regionalen Berichterstattung und aller bestehenden ARD-Landesrundfunkanstalten.<\/p>\n<p>Sehr kritisch stehen wir hingegen der angedachten Schaffung einer zentralen ARD-Struktur gegen\u00fcber: Eine kritische, pluralistische Berichterstattung ist aus unserer Sicht in einem f\u00f6deral angelegten Rundfunk nur dann gew\u00e4hrleistet, wenn nicht alles zentral gesteuert wird. Der Binnenpluralismus wird auch durch die aktuell bestehende Struktur vor politischen Durchgriffen bewahrt. Die Schaffung einer zentralen ARD-Anstalt, deren einzelne Glieder nur noch regionale Themen behandeln, halten wir f\u00fcr gef\u00e4hrlich. Es drohen politische Eingleisigkeit und eine Verarmung der Kulturberichterstattung.<\/p>\n<p>Ebenso kritisch sehen wir den Vorschlag zum neuen Finanzierungsmodell und den damit verbundenen nachtr\u00e4glichen Sanktionsm\u00f6glichkeiten. Das derzeitige Modell ist nicht ohne Grund vom Bundesverfassungsgericht legitimiert.<\/p>\n<p>Wir hoffen, dass die Vorschl\u00e4ge des Zukunftsrats von den zust\u00e4ndigen Akteuren ernsthaft und ohne Eigeninteressen er\u00f6rtert werden. Die Vertretungen der Journalistinnen und Journalisten m\u00fcssen bei allen konkreten Diskussionen \u00fcber die Reformpl\u00e4ne des Zukunftsrats und anderer Akteure einbezogen werden.<\/p>\n<p>Mit freundlichen Gr\u00fc\u00dfen<\/p>\n<p>&nbsp;<\/p>\n<p>Hubert Krech, Gabi Probst, Alexandra Dietz<\/p>\n<p>Sprecher*innen der AGRA<\/p>\n<p>______________<\/p>\n<p>AGRA \u2013 Arbeitsgemeinschaft der \u00f6ffentlich-rechtlichen Redakteursaussch\u00fcsse<\/p>\n<p>Sprecher*innen: Hubert Krech (ZDF), Gabi Probst (RBB), Alexandra Dietz (SWR)<\/p>\n<p>Kontakt:\u00a0<a href=\"mailto:sprecher@agra-rundfunk.de\">sprecher@agra-rundfunk.de<\/a>\u00a0\u2013\u00a0<a href=\"http:\/\/blog.agra-rundfunk.de\/\">http:\/\/blog.agra-rundfunk.de<\/a><\/p>\n<p>Die AGRA ist die Arbeitsgemeinschaft der \u00f6ffentlich-rechtlichen Redakteursaussch\u00fcsse (ARD, ZDF, Deutschlandradio und Deutsche Welle). Die Redakteursaussch\u00fcsse sind jeweils gew\u00e4hlte Vertreter der Redakteure und setzen sich f\u00fcr die innere und \u00e4u\u00dfere Pressefreiheit ein. Die Redakteursmitwirkung im \u00f6ffentlich-rechtlichen Rundfunk wurde vom Bundesverfassungsgericht best\u00e4tigt und ist in mehreren Bundesl\u00e4ndern gesetzlich festgeschrieben.<\/p>\n<\/div>\n","protected":false},"excerpt":{"rendered":"<p>Die Arbeitsgemeinschaft der \u00f6ffentlich-rechtlichen Redakteursaussch\u00fcsse AGRA hat nach der Vorstellung des Berichts des Zukunftsrats dringende Anliegen an die Mitglieder der Rundfunkkommission der L\u00e4nder formuliert. Hier der Brief im Wortlaut: Rundfunkreform: Jetzt die Journalistinnen und Journalisten st\u00e4rken! Brief der \u00f6ffentlich-rechtlichen Redakteursaussch\u00fcsse an die Rundfunkkommission Sehr geehrte Damen und Herren, der Zukunftsrat, den Sie eingesetzt haben, hat &hellip; <\/p>\n<p class=\"link-more\"><a href=\"http:\/\/www.agra-rundfunk.de\/wordpress\/?p=979\" class=\"more-link\"><span class=\"screen-reader-text\">\u201eRundfunkreform: Jetzt die Journalistinnen und Journalisten st\u00e4rken!\u201c<\/span> weiterlesen<\/a><\/p>\n","protected":false},"author":8,"featured_media":0,"comment_status":"open","ping_status":"open","sticky":false,"template":"","format":"standard","meta":{"jetpack_post_was_ever_published":false,"_jetpack_newsletter_access":"","_jetpack_dont_email_post_to_subs":false,"_jetpack_newsletter_tier_id":0,"_jetpack_memberships_contains_paywalled_content":false,"_jetpack_memberships_contains_paid_content":false,"footnotes":"","jetpack_publicize_message":"","jetpack_publicize_feature_enabled":true,"jetpack_social_post_already_shared":true,"jetpack_social_options":{"image_generator_settings":{"template":"highway","default_image_id":0,"font":"","enabled":false},"version":2}},"categories":[1],"tags":[],"class_list":["post-979","post","type-post","status-publish","format-standard","hentry","category-uncategorized","entry"],"jetpack_publicize_connections":[],"jetpack_featured_media_url":"","jetpack_sharing_enabled":true,"jetpack_shortlink":"https:\/\/wp.me\/p5x4SE-fN","_links":{"self":[{"href":"http:\/\/www.agra-rundfunk.de\/wordpress\/index.php?rest_route=\/wp\/v2\/posts\/979","targetHints":{"allow":["GET"]}}],"collection":[{"href":"http:\/\/www.agra-rundfunk.de\/wordpress\/index.php?rest_route=\/wp\/v2\/posts"}],"about":[{"href":"http:\/\/www.agra-rundfunk.de\/wordpress\/index.php?rest_route=\/wp\/v2\/types\/post"}],"author":[{"embeddable":true,"href":"http:\/\/www.agra-rundfunk.de\/wordpress\/index.php?rest_route=\/wp\/v2\/users\/8"}],"replies":[{"embeddable":true,"href":"http:\/\/www.agra-rundfunk.de\/wordpress\/index.php?rest_route=%2Fwp%2Fv2%2Fcomments&post=979"}],"version-history":[{"count":5,"href":"http:\/\/www.agra-rundfunk.de\/wordpress\/index.php?rest_route=\/wp\/v2\/posts\/979\/revisions"}],"predecessor-version":[{"id":984,"href":"http:\/\/www.agra-rundfunk.de\/wordpress\/index.php?rest_route=\/wp\/v2\/posts\/979\/revisions\/984"}],"wp:attachment":[{"href":"http:\/\/www.agra-rundfunk.de\/wordpress\/index.php?rest_route=%2Fwp%2Fv2%2Fmedia&parent=979"}],"wp:term":[{"taxonomy":"category","embeddable":true,"href":"http:\/\/www.agra-rundfunk.de\/wordpress\/index.php?rest_route=%2Fwp%2Fv2%2Fcategories&post=979"},{"taxonomy":"post_tag","embeddable":true,"href":"http:\/\/www.agra-rundfunk.de\/wordpress\/index.php?rest_route=%2Fwp%2Fv2%2Ftags&post=979"}],"curies":[{"name":"wp","href":"https:\/\/api.w.org\/{rel}","templated":true}]}}