{"id":976,"date":"2024-01-18T14:48:32","date_gmt":"2024-01-18T13:48:32","guid":{"rendered":"https:\/\/www.agra-rundfunk.de\/wordpress\/?p=976"},"modified":"2024-01-19T11:48:28","modified_gmt":"2024-01-19T10:48:28","slug":"zukunftsrat-will-journalisten-staerken-endlich-starke-redaktionsstatute-einfuehren","status":"publish","type":"post","link":"http:\/\/www.agra-rundfunk.de\/wordpress\/?p=976","title":{"rendered":"Zukunftsrat will Journalisten st\u00e4rken \u2013 endlich starke Redaktionsstatute einf\u00fchren!"},"content":{"rendered":"<p>Die Redaktionsvertretungen von ARD, ZDF und Deutschlandradio begr\u00fc\u00dfen das klare Bekenntnis des Zukunftsrats zu einem starken \u00f6ffentlich-rechtlichen Rundfunk. Wir freuen uns, dass unsere zentralen Anliegen in den Bericht eingeflossen sind, die wir im direkten Austausch mit dem Zukunftsrat vor einigen Wochen er\u00f6rtert haben.<\/p>\n<p>Der Zukunftsrat fordert in seinem Bericht die Politik und die Sendeanstalten dazu auf, Verfahren und Mechanismen bereitzustellen, um die Mitarbeiterinnen und Mitarbeiter zu sch\u00fctzen, ihre Unabh\u00e4ngigkeit zu st\u00e4rken und den Meinungspluralismus zu garantieren. Au\u00dferdem empfiehlt er k\u00fcnftig eine \u201ekollegiale F\u00fchrung\u201c, bei der die Entscheidungsfindung nicht l\u00e4nger auf die \u201eoberste F\u00fchrungsebene\u201c beschr\u00e4nkt ist.<\/p>\n<p>\u201eGenau das fordern wir schon viele Jahre. Wir brauchen starke Redaktionsstatute und mehr Rechte und Mitsprache f\u00fcr die Redaktionsvertretungen in den Sendern,\u201c sagt Hubert Krech, Sprecher der AGRA. Nur so kann die Innere Rundfunkfreiheit garantiert und gest\u00e4rkt werden. Dazu geh\u00f6rt auch ein Berichtsrecht in den Aufsichtsgremien der Sendeanstalten \u2013 sowohl in dem vom Zukunftsrat vorgeschlagenen Medienrat als auch in den bestehenden Rundfunkr\u00e4ten bzw. dem ZDF-Fernsehrat.<\/p>\n<p>Wir begr\u00fc\u00dfen ausdr\u00fccklich das klare Bekenntnis der Zukunftsrats zur politisch unabh\u00e4ngigen Finanzierung, der technologischen Weiterentwicklung, dem Schaffen von Experimentierfeldern und der St\u00e4rkung der regionalen Berichterstattung und aller bestehenden ARD-Landesrundfunkanstalten.<\/p>\n<p>Wir hoffen, dass die Vorschl\u00e4ge des Zukunftsrats von den zust\u00e4ndigen Akteuren ernsthaft und ohne Eigeninteressen er\u00f6rtert werden. Die Vertretungen der Journalistinnen und Journalisten m\u00fcssen bei allen konkreten Diskussionen \u00fcber die Reformpl\u00e4ne des Zukunftsrats und anderer Akteure einbezogen werden.<\/p>\n<p>Hubert Krech, Gabi Probst, Alexandra Dietz<\/p>\n<p>______________<\/p>\n<p>AGRA \u2013 Arbeitsgemeinschaft der \u00f6ffentlich-rechtlichen Redakteursaussch\u00fcsse<\/p>\n<p>Sprecher*innen: Hubert Krech (ZDF), Gabi Probst (RBB), Alexandra Dietz (SWR)<\/p>\n<p>Kontakt: <a href=\"mailto:sprecher@agra-rundfunk.de\">sprecher@agra-rundfunk.de<\/a> &#8211; <a href=\"http:\/\/blog.agra-rundfunk.de\">http:\/\/blog.agra-rundfunk.de<\/a><\/p>\n<p>Die AGRA ist die Arbeitsgemeinschaft der \u00f6ffentlich-rechtlichen Redakteursaussch\u00fcsse (ARD, ZDF, Deutschlandradio und Deutsche Welle). Die Redakteursaussch\u00fcsse sind jeweils gew\u00e4hlte Vertreter der Redakteure und setzen sich f\u00fcr die innere und \u00e4u\u00dfere Pressefreiheit ein. Die Redakteursmitwirkung im \u00f6ffentlich-rechtlichen Rundfunk wurde vom Bundesverfassungsgericht best\u00e4tigt und ist in mehreren Bundesl\u00e4ndern gesetzlich festgeschrieben.<\/p>\n","protected":false},"excerpt":{"rendered":"<p>Die Redaktionsvertretungen von ARD, ZDF und Deutschlandradio begr\u00fc\u00dfen das klare Bekenntnis des Zukunftsrats zu einem starken \u00f6ffentlich-rechtlichen Rundfunk. Wir freuen uns, dass unsere zentralen Anliegen in den Bericht eingeflossen sind, die wir im direkten Austausch mit dem Zukunftsrat vor einigen Wochen er\u00f6rtert haben. Der Zukunftsrat fordert in seinem Bericht die Politik und die Sendeanstalten dazu &hellip; <\/p>\n<p class=\"link-more\"><a href=\"http:\/\/www.agra-rundfunk.de\/wordpress\/?p=976\" class=\"more-link\"><span class=\"screen-reader-text\">\u201eZukunftsrat will Journalisten st\u00e4rken \u2013 endlich starke Redaktionsstatute einf\u00fchren!\u201c<\/span> weiterlesen<\/a><\/p>\n","protected":false},"author":8,"featured_media":0,"comment_status":"open","ping_status":"open","sticky":false,"template":"","format":"standard","meta":{"jetpack_post_was_ever_published":false,"_jetpack_newsletter_access":"","_jetpack_dont_email_post_to_subs":false,"_jetpack_newsletter_tier_id":0,"_jetpack_memberships_contains_paywalled_content":false,"_jetpack_memberships_contains_paid_content":false,"footnotes":"","jetpack_publicize_message":"","jetpack_publicize_feature_enabled":true,"jetpack_social_post_already_shared":true,"jetpack_social_options":{"image_generator_settings":{"template":"highway","default_image_id":0,"font":"","enabled":false},"version":2}},"categories":[1],"tags":[],"class_list":["post-976","post","type-post","status-publish","format-standard","hentry","category-uncategorized","entry"],"jetpack_publicize_connections":[],"jetpack_featured_media_url":"","jetpack_sharing_enabled":true,"jetpack_shortlink":"https:\/\/wp.me\/p5x4SE-fK","_links":{"self":[{"href":"http:\/\/www.agra-rundfunk.de\/wordpress\/index.php?rest_route=\/wp\/v2\/posts\/976","targetHints":{"allow":["GET"]}}],"collection":[{"href":"http:\/\/www.agra-rundfunk.de\/wordpress\/index.php?rest_route=\/wp\/v2\/posts"}],"about":[{"href":"http:\/\/www.agra-rundfunk.de\/wordpress\/index.php?rest_route=\/wp\/v2\/types\/post"}],"author":[{"embeddable":true,"href":"http:\/\/www.agra-rundfunk.de\/wordpress\/index.php?rest_route=\/wp\/v2\/users\/8"}],"replies":[{"embeddable":true,"href":"http:\/\/www.agra-rundfunk.de\/wordpress\/index.php?rest_route=%2Fwp%2Fv2%2Fcomments&post=976"}],"version-history":[{"count":2,"href":"http:\/\/www.agra-rundfunk.de\/wordpress\/index.php?rest_route=\/wp\/v2\/posts\/976\/revisions"}],"predecessor-version":[{"id":978,"href":"http:\/\/www.agra-rundfunk.de\/wordpress\/index.php?rest_route=\/wp\/v2\/posts\/976\/revisions\/978"}],"wp:attachment":[{"href":"http:\/\/www.agra-rundfunk.de\/wordpress\/index.php?rest_route=%2Fwp%2Fv2%2Fmedia&parent=976"}],"wp:term":[{"taxonomy":"category","embeddable":true,"href":"http:\/\/www.agra-rundfunk.de\/wordpress\/index.php?rest_route=%2Fwp%2Fv2%2Fcategories&post=976"},{"taxonomy":"post_tag","embeddable":true,"href":"http:\/\/www.agra-rundfunk.de\/wordpress\/index.php?rest_route=%2Fwp%2Fv2%2Ftags&post=976"}],"curies":[{"name":"wp","href":"https:\/\/api.w.org\/{rel}","templated":true}]}}