{"id":972,"date":"2023-10-20T13:30:44","date_gmt":"2023-10-20T12:30:44","guid":{"rendered":"http:\/\/www.agra-rundfunk.de\/wordpress\/?p=972"},"modified":"2023-10-20T13:30:44","modified_gmt":"2023-10-20T12:30:44","slug":"kein-einfluss-der-politik-auf-unser-programm","status":"publish","type":"post","link":"http:\/\/www.agra-rundfunk.de\/wordpress\/?p=972","title":{"rendered":"Kein Einfluss der Politik auf unser Programm!"},"content":{"rendered":"<p>Die Politik in Berlin und Brandenburg greift nach der Macht im \u00f6ffentlich-rechtlichen Rundfunk. Mit dem Entwurf des neuen rbb-Staatsvertrags sehen wir als Vertreterinnen und Vertreter der Redaktionsaussch\u00fcsse von ARD, ZDF, Deutschlandradio und Deutsche Welle die Unabh\u00e4ngigkeit des Senders gef\u00e4hrdet: Hier sollen zus\u00e4tzliche Hierarchieebenen im Programm eingezogen werden, \u00fcber deren Besetzung der rbb nicht selber entscheiden darf. Stattdessen soll dies durch den Rundfunkrat geschehen. Somit k\u00f6nnten dort vertretene Politiker erstmals direkten Einfluss auf die Programmgestaltung nehmen. Dieses Vorgehen halten wir f\u00fcr verfassungswidrig.<\/p>\n<p><em>\u201e<\/em>Das muss verhindert werden und darf keine Schule machen!\u201c, sagt Hubert Krech, Sprecher der AGRA.<\/p>\n<p>Zudem werden damit Leitungsstrukturen aufgebl\u00e4ht, statt den Sender schlank, beweglich und effizient zu machen. Statt sich darauf zu beschr\u00e4nken, im Staatsvertrag festzuhalten, was die Aufgaben des Senders sind, wird hier bis ins Detail vorgeschrieben, wie er das zu tun hat.<\/p>\n<p><strong>Mehr Offenheit wagen!<\/strong><\/p>\n<p>In ihrem Eifer, nach dem Schlesinger-Skandal mehr Kontrolle und Einfluss zu bekommen, haben die Politiker vers\u00e4umt, f\u00fcr mehr Transparenz zu sorgen &#8211; im Sinne der Nutzerinnen und Nutzer der \u00f6ffentlich-rechtlichen Programme. So wird f\u00fcr die Beitragszahlenden nach wie vor nicht klar ersichtlich, wof\u00fcr ihr Geld ausgegeben wird.<\/p>\n<p>Uns Programmmacherinnen und -machern wiederum wird nach wie vor kein Mitspracherecht gew\u00e4hrt. Damit unsere Stimme im Aufsichtsgremium geh\u00f6rt wird, fordern wir ein Gast- und Rederecht f\u00fcr den Redaktionsausschuss im Rundfunkrat \u2013 und zwar in allen \u00f6ffentlich-rechtlichen Sendern.<\/p>\n<p><strong>Programm f\u00fcr die Menschen, nicht f\u00fcr die Politik!<\/strong><\/p>\n<p>Wir m\u00fcssen flexibel auf sich ver\u00e4nderndes Nutzungsverhalten reagieren und \u00fcber das Programm selbst entscheiden k\u00f6nnen \u2013 im Dialog mit den Nutzerinnen und Nutzern, aber nicht nach Vorgabe politischer Parteien und Lobbyisten.<\/p>\n<p>&nbsp;<\/p>\n<p>Hubert Krech, Gabi Probst, Alexandra Dietz<\/p>\n<p>Sprecher*innen der AGRA<\/p>\n<p>______________<\/p>\n<p>AGRA \u2013 Arbeitsgemeinschaft der \u00f6ffentlich-rechtlichen Redakteursaussch\u00fcsse<\/p>\n<p>Sprecher*innen: Hubert Krech (ZDF), Gabi Probst (RBB), Alexandra Dietz (SWR)<\/p>\n<p>Kontakt:\u00a0<a href=\"mailto:sprecher@agra-rundfunk.de\">sprecher@agra-rundfunk.de<\/a>\u00a0\u2013\u00a0<a href=\"http:\/\/blog.agra-rundfunk.de\/\">http:\/\/blog.agra-rundfunk.de<\/a><\/p>\n<p>&nbsp;<\/p>\n<p>Die AGRA ist die Arbeitsgemeinschaft der \u00f6ffentlich-rechtlichen Redakteursaussch\u00fcsse (ARD, ZDF, Deutschlandradio und Deutsche Welle). Die Redakteursaussch\u00fcsse sind jeweils gew\u00e4hlte Vertreter der Redakteure und setzen sich f\u00fcr die innere und \u00e4u\u00dfere Pressefreiheit ein. Die Redakteursmitwirkung im \u00f6ffentlich-rechtlichen Rundfunk wurde vom Bundesverfassungsgericht best\u00e4tigt und ist in mehreren Bundesl\u00e4ndern gesetzlich festgeschrieben.<\/p>\n","protected":false},"excerpt":{"rendered":"<p>Die Politik in Berlin und Brandenburg greift nach der Macht im \u00f6ffentlich-rechtlichen Rundfunk. Mit dem Entwurf des neuen rbb-Staatsvertrags sehen wir als Vertreterinnen und Vertreter der Redaktionsaussch\u00fcsse von ARD, ZDF, Deutschlandradio und Deutsche Welle die Unabh\u00e4ngigkeit des Senders gef\u00e4hrdet: Hier sollen zus\u00e4tzliche Hierarchieebenen im Programm eingezogen werden, \u00fcber deren Besetzung der rbb nicht selber entscheiden &hellip; <\/p>\n<p class=\"link-more\"><a href=\"http:\/\/www.agra-rundfunk.de\/wordpress\/?p=972\" class=\"more-link\"><span class=\"screen-reader-text\">\u201eKein Einfluss der Politik auf unser Programm!\u201c<\/span> weiterlesen<\/a><\/p>\n","protected":false},"author":8,"featured_media":0,"comment_status":"open","ping_status":"open","sticky":false,"template":"","format":"standard","meta":{"jetpack_post_was_ever_published":false,"_jetpack_newsletter_access":"","_jetpack_dont_email_post_to_subs":false,"_jetpack_newsletter_tier_id":0,"_jetpack_memberships_contains_paywalled_content":false,"_jetpack_memberships_contains_paid_content":false,"footnotes":"","jetpack_publicize_message":"","jetpack_publicize_feature_enabled":true,"jetpack_social_post_already_shared":true,"jetpack_social_options":{"image_generator_settings":{"template":"highway","default_image_id":0,"font":"","enabled":false},"version":2}},"categories":[1],"tags":[],"class_list":["post-972","post","type-post","status-publish","format-standard","hentry","category-uncategorized","entry"],"jetpack_publicize_connections":[],"jetpack_featured_media_url":"","jetpack_sharing_enabled":true,"jetpack_shortlink":"https:\/\/wp.me\/p5x4SE-fG","_links":{"self":[{"href":"http:\/\/www.agra-rundfunk.de\/wordpress\/index.php?rest_route=\/wp\/v2\/posts\/972","targetHints":{"allow":["GET"]}}],"collection":[{"href":"http:\/\/www.agra-rundfunk.de\/wordpress\/index.php?rest_route=\/wp\/v2\/posts"}],"about":[{"href":"http:\/\/www.agra-rundfunk.de\/wordpress\/index.php?rest_route=\/wp\/v2\/types\/post"}],"author":[{"embeddable":true,"href":"http:\/\/www.agra-rundfunk.de\/wordpress\/index.php?rest_route=\/wp\/v2\/users\/8"}],"replies":[{"embeddable":true,"href":"http:\/\/www.agra-rundfunk.de\/wordpress\/index.php?rest_route=%2Fwp%2Fv2%2Fcomments&post=972"}],"version-history":[{"count":2,"href":"http:\/\/www.agra-rundfunk.de\/wordpress\/index.php?rest_route=\/wp\/v2\/posts\/972\/revisions"}],"predecessor-version":[{"id":974,"href":"http:\/\/www.agra-rundfunk.de\/wordpress\/index.php?rest_route=\/wp\/v2\/posts\/972\/revisions\/974"}],"wp:attachment":[{"href":"http:\/\/www.agra-rundfunk.de\/wordpress\/index.php?rest_route=%2Fwp%2Fv2%2Fmedia&parent=972"}],"wp:term":[{"taxonomy":"category","embeddable":true,"href":"http:\/\/www.agra-rundfunk.de\/wordpress\/index.php?rest_route=%2Fwp%2Fv2%2Fcategories&post=972"},{"taxonomy":"post_tag","embeddable":true,"href":"http:\/\/www.agra-rundfunk.de\/wordpress\/index.php?rest_route=%2Fwp%2Fv2%2Ftags&post=972"}],"curies":[{"name":"wp","href":"https:\/\/api.w.org\/{rel}","templated":true}]}}