{"id":964,"date":"2023-05-16T10:05:14","date_gmt":"2023-05-16T09:05:14","guid":{"rendered":"http:\/\/www.agra-rundfunk.de\/wordpress\/?p=964"},"modified":"2023-05-16T10:05:14","modified_gmt":"2023-05-16T09:05:14","slug":"wir-reden-mit-agra-sieht-lichtblick-im-ard-reformprozess","status":"publish","type":"post","link":"http:\/\/www.agra-rundfunk.de\/wordpress\/?p=964","title":{"rendered":"Wir reden mit \u2013 AGRA sieht Lichtblick im ARD-Reformprozess"},"content":{"rendered":"<p>Seit Monaten fordert die AGRA Mitsprache f\u00fcr Redakteurinnen und Redakteure im ARD-Reformprozess. Anl\u00e4sslich der AGRA-Fr\u00fchjahrstagung bekr\u00e4ftigte der ARD-Vorsitzende Kai Gniffke seine Gespr\u00e4chsbereitschaft.<\/p>\n<p><strong>N\u00f6tige Reformprozesse<\/strong><\/p>\n<p>Zwei Tage lang diskutierte die AGRA (Arbeitsgemeinschaft der Redakteursaussch\u00fcsse von ARD, ZDF und Deutschlandradio) in Stuttgart intensiv \u00fcber den Reformprozess der ARD und wie er gelingen kann. Dass er erfolgreich sein muss, ist allen klar.<\/p>\n<p>Programmschaffende machen unabh\u00e4ngigen Journalismus erst m\u00f6glich. Die AGRA ist deshalb der Ansicht, dass ein Reformprozess ohne die Beteiligung der Redakteurinnen und Redakteure nicht gelingen kann. Der ARD-Reformprozess soll die Akzeptanz des \u00f6ffentlich-rechtlichen Rundfunks nach au\u00dfen st\u00e4rken. Dies kann nach Meinung der AGRA aber nur gelingen, wenn die Akzeptanz der Reform auch innerhalb der ARD-Anstalten bei den Programmschaffenden vorhanden ist.<\/p>\n<p><strong>Gespr\u00e4chsbereitschaft bekr\u00e4ftigt<\/strong><\/p>\n<p>Bei den Gespr\u00e4chen machte der ARD-Vorsitzende und SWR-Intendant Kai Gniffke der AGRA das Angebot, dass sie Vorschl\u00e4ge erarbeiten k\u00f6nne, wie sich die gew\u00e4hlten Redaktionsvertretungen in den jeweiligen Anstalten in den Prozess einbringen wollen. Gniffke betonte, dass der Reformprozess nur gemeinsam zu schaffen sei. Alle ARD-Anstalten m\u00fcssten an einem Strang ziehen.<\/p>\n<p><strong>&#8222;Redaktionsstatute sind Brandschutzmauern gegen Angriffe&#8220;<\/strong><\/p>\n<p>\u200b\u200b\u200b\u200b\u200b\u200b\u200b\u200b\u200b\u200b\u200b\u200b\u200b\u200bGniffke sagte auch, dass Unabh\u00e4ngigkeit und Glaubw\u00fcrdigkeit das Wichtigste bei der Berichterstattung seien: \u200b&#8220;Starke und gute Redaktionsstatute sind die Brandschutzmauern gegen Angriffe auf die journalistische Unabh\u00e4ngigkeit.&#8220;<\/p>\n<p>Die AGRA fordert schon lange, dass in allen Anstalten starke Redaktionsstatute mit allen Pflichten und Rechten erforderlich sind. Sie garantieren die innere und \u00e4u\u00dfere Pressefreiheit der Programmschaffenden. Im Gegensatz zum WDR, SWR oder NDR hat beispielsweise der BR noch gar kein Statut, andere Anstalten wie der HR oder das ZDF haben nur schwache rechtliche Grundlagen f\u00fcr Redaktionsvertretungen.<\/p>\n<p>Hubert Krech, Gabi Probst, Renate Ulm<\/p>\n<p>Sprecher*innen der AGRA<\/p>\n<p>______________<\/p>\n<p>AGRA \u2013 Arbeitsgemeinschaft der \u00f6ffentlich-rechtlichen Redakteursaussch\u00fcsse<\/p>\n<p>Sprecher*innen: Hubert Krech (ZDF), Gabi Probst (RBB), Renate Ulm (BR)<\/p>\n<p>Kontakt:\u00a0<a href=\"mailto:sprecher@agra-rundfunk.de\">sprecher@agra-rundfunk.de<\/a>\u00a0\u2013\u00a0<a href=\"http:\/\/blog.agra-rundfunk.de\/\">http:\/\/blog.agra-rundfunk.de<\/a><\/p>\n<p>&nbsp;<\/p>\n<p>Die AGRA ist die Arbeitsgemeinschaft der \u00f6ffentlich-rechtlichen Redakteursaussch\u00fcsse (ARD, ZDF, Deutschlandradio und Deutsche Welle). Die Redakteursaussch\u00fcsse sind jeweils gew\u00e4hlte Vertreter der Redakteure und setzen sich f\u00fcr die innere und \u00e4u\u00dfere Pressefreiheit ein. Die Redakteursmitwirkung im \u00f6ffentlich-rechtlichen Rundfunk wurde vom Bundesverfassungsgericht best\u00e4tigt und ist in mehreren Bundesl\u00e4ndern gesetzlich festgeschrieben.<\/p>\n","protected":false},"excerpt":{"rendered":"<p>Seit Monaten fordert die AGRA Mitsprache f\u00fcr Redakteurinnen und Redakteure im ARD-Reformprozess. Anl\u00e4sslich der AGRA-Fr\u00fchjahrstagung bekr\u00e4ftigte der ARD-Vorsitzende Kai Gniffke seine Gespr\u00e4chsbereitschaft. N\u00f6tige Reformprozesse Zwei Tage lang diskutierte die AGRA (Arbeitsgemeinschaft der Redakteursaussch\u00fcsse von ARD, ZDF und Deutschlandradio) in Stuttgart intensiv \u00fcber den Reformprozess der ARD und wie er gelingen kann. Dass er erfolgreich sein &hellip; <\/p>\n<p class=\"link-more\"><a href=\"http:\/\/www.agra-rundfunk.de\/wordpress\/?p=964\" class=\"more-link\"><span class=\"screen-reader-text\">\u201eWir reden mit \u2013 AGRA sieht Lichtblick im ARD-Reformprozess\u201c<\/span> weiterlesen<\/a><\/p>\n","protected":false},"author":8,"featured_media":0,"comment_status":"open","ping_status":"open","sticky":false,"template":"","format":"standard","meta":{"jetpack_post_was_ever_published":false,"_jetpack_newsletter_access":"","_jetpack_dont_email_post_to_subs":false,"_jetpack_newsletter_tier_id":0,"_jetpack_memberships_contains_paywalled_content":false,"_jetpack_memberships_contains_paid_content":false,"footnotes":"","jetpack_publicize_message":"","jetpack_publicize_feature_enabled":true,"jetpack_social_post_already_shared":true,"jetpack_social_options":{"image_generator_settings":{"template":"highway","default_image_id":0,"font":"","enabled":false},"version":2}},"categories":[1],"tags":[],"class_list":["post-964","post","type-post","status-publish","format-standard","hentry","category-uncategorized","entry"],"jetpack_publicize_connections":[],"jetpack_featured_media_url":"","jetpack_sharing_enabled":true,"jetpack_shortlink":"https:\/\/wp.me\/p5x4SE-fy","_links":{"self":[{"href":"http:\/\/www.agra-rundfunk.de\/wordpress\/index.php?rest_route=\/wp\/v2\/posts\/964","targetHints":{"allow":["GET"]}}],"collection":[{"href":"http:\/\/www.agra-rundfunk.de\/wordpress\/index.php?rest_route=\/wp\/v2\/posts"}],"about":[{"href":"http:\/\/www.agra-rundfunk.de\/wordpress\/index.php?rest_route=\/wp\/v2\/types\/post"}],"author":[{"embeddable":true,"href":"http:\/\/www.agra-rundfunk.de\/wordpress\/index.php?rest_route=\/wp\/v2\/users\/8"}],"replies":[{"embeddable":true,"href":"http:\/\/www.agra-rundfunk.de\/wordpress\/index.php?rest_route=%2Fwp%2Fv2%2Fcomments&post=964"}],"version-history":[{"count":5,"href":"http:\/\/www.agra-rundfunk.de\/wordpress\/index.php?rest_route=\/wp\/v2\/posts\/964\/revisions"}],"predecessor-version":[{"id":970,"href":"http:\/\/www.agra-rundfunk.de\/wordpress\/index.php?rest_route=\/wp\/v2\/posts\/964\/revisions\/970"}],"wp:attachment":[{"href":"http:\/\/www.agra-rundfunk.de\/wordpress\/index.php?rest_route=%2Fwp%2Fv2%2Fmedia&parent=964"}],"wp:term":[{"taxonomy":"category","embeddable":true,"href":"http:\/\/www.agra-rundfunk.de\/wordpress\/index.php?rest_route=%2Fwp%2Fv2%2Fcategories&post=964"},{"taxonomy":"post_tag","embeddable":true,"href":"http:\/\/www.agra-rundfunk.de\/wordpress\/index.php?rest_route=%2Fwp%2Fv2%2Ftags&post=964"}],"curies":[{"name":"wp","href":"https:\/\/api.w.org\/{rel}","templated":true}]}}