{"id":959,"date":"2023-03-08T20:39:17","date_gmt":"2023-03-08T19:39:17","guid":{"rendered":"http:\/\/www.agra-rundfunk.de\/wordpress\/?p=959"},"modified":"2023-03-08T20:39:17","modified_gmt":"2023-03-08T19:39:17","slug":"zukunftsrat-wieder-eine-verpasste-chance","status":"publish","type":"post","link":"http:\/\/www.agra-rundfunk.de\/wordpress\/?p=959","title":{"rendered":"\u201eZukunftsrat\u201c: Wieder eine verpasste Chance"},"content":{"rendered":"<p>Die Rundfunkkommission der L\u00e4nder hat am 08.03.2023 den &#8222;Zukunftsrat&#8220; ins Leben gerufen. Wir Vertreterinnen und Vertreter der Redakteursaussch\u00fcsse von ARD, ZDF, Deutschlandradio und Deutscher Welle haben als Reaktion einen Brief an die Mitglieder der Rundfunkkommission geschrieben. Darin kritisieren wir die Zusammensetzung des Rates. Der Brief auch als Download: <a href=\"http:\/\/www.agra-rundfunk.de\/wordpress\/wp-content\/uploads\/2023\/03\/AGRA-Zukunftsrat-Wieder-eine-verpasste-Chance.pdf\">AGRA Zukunftsrat Wieder eine verpasste Chance<\/a><\/p>\n<p>&nbsp;<\/p>\n<p><strong>\u201eZukunftsrat\u201c: Wieder eine verpasste Chance<\/strong><\/p>\n<p><strong>AGRA zum Zukunftsrat \/ Brief an die Mitglieder der Rundfunkkommission<\/strong><\/p>\n<p>&nbsp;<\/p>\n<p>Sehr geehrte Damen und Herren,<\/p>\n<p>mit gro\u00dfem Unverst\u00e4ndnis haben wir die Besetzung des von Ihnen eingesetzten Zukunftsrats zur Kenntnis genommen.<\/p>\n<p>Wir hatten bis zuletzt gehofft und erwartet, dass man uns als Programmmacherinnen und Programmmacher ebenfalls ber\u00fccksichtig. Auf unseren Brief an Sie mit dem Wunsch nach Beteiligung vom 24.02.2023 haben wir nicht einmal eine Antwort erhalten.<\/p>\n<p>Stattdessen sehen wir nun in dem Gremium Jurist*innen, Wissenschaftler*innen und auch Lobbygruppenvertretungen \u2013 aber niemanden aus dem \u201eMaschinenraum\u201c der Anstalten.<\/p>\n<p>Das halten wir wieder f\u00fcr eine verpasste Chance und einen gro\u00dfen Fehler, denn als Vertreterinnen und Vertreter der journalistisch t\u00e4tigen Personen in den Anstalten haben wir tiefe Kenntnisse von Problemen, Potenzialen und Arbeitsabl\u00e4ufen &#8211; und zwar in allen Ausspielwegen, vom Radio \u00fcber Fernsehen bis zu Online. In den Redaktionen und in der AGRA finden schon lange Diskussionen statt, die wir im Zukunftsrat und anderen Runden besser widerspiegeln k\u00f6nnen als andere.<\/p>\n<p>Zudem erinnert uns der Besetzungsvorgang an die l\u00e4ngst f\u00fcr \u00fcberwunden gehaltene Zeit, in der Gremien vor allem auch nach parteipolitischen Gesichtspunkten besetzt wurden.<\/p>\n<p>Laut Bundesverfassungsgericht sind die Redaktionsvertretungen die Garanten des Meinungspluralismus \u2013 deshalb m\u00fcssen wir an Zukunftsdiskussionen beteiligt und in Entscheidungsprozesse einbezogen werden.<\/p>\n<p>Aus diesen Gr\u00fcnden halten wir es f\u00fcr notwendig und unumg\u00e4nglich, dass Vertreterinnen und Vertreter der Redaktionsaussch\u00fcsse f\u00fcr den Zukunftsrat nachnominiert werden oder zumindest entsprechend angeh\u00f6rt und einbezogen werden.<\/p>\n<p>Wir m\u00f6chten gern Herrn Dr. Brosda beim Wort nehmen, der erst vor wenigen Tagen bei einer \u00f6ffentlichen Diskussionsrunde die Redakteursbeteiligung beim Reformprozess gewinnbringend nannte und im Zusammenspiel der Sendergremien mit den Redaktionsvertretungen ein gro\u00dfes Potenzial \u201eals inhaltlichen Anstalts-internen Widerpart\u201c sah.<\/p>\n<p>Deshalb fordern wir zudem, dass die Redaktionsvertretungen in den Aufsichtsgremien der Anstalten Sitz und Stimme erhalten, um die Sichtweise der Programmmacherinnen und -macher st\u00e4rker einzubringen. Dazu geh\u00f6rt auch, dass in allen Sendern Redaktionsstatute eingef\u00fchrt werden, die die Beteiligung der Redaktionsvertretungen st\u00e4rken. Gerade die Vorg\u00e4nge und die Aufarbeitung beim RBB beweisen, wie wichtig eine starke Stimme aus den Redaktionen ist.<\/p>\n<p>In Erwartung einer Reaktion von Ihnen verbleiben wir mit freundlichen Gr\u00fc\u00dfen<\/p>\n<p>&nbsp;<\/p>\n<p>Hubert Krech, Gabi Probst, Renate Ulm<\/p>\n<p>Sprecher*innen der AGRA<\/p>\n<p>______________<\/p>\n<p>AGRA \u2013 Arbeitsgemeinschaft der \u00f6ffentlich-rechtlichen Redakteursaussch\u00fcsse<\/p>\n<p>Sprecher*innen: Hubert Krech (ZDF), Gabi Probst (RBB), Renate Ulm (BR)<\/p>\n<p>Kontakt: <a href=\"mailto:sprecher@agra-rundfunk.de\">sprecher@agra-rundfunk.de<\/a> &#8211; <a href=\"http:\/\/blog.agra-rundfunk.de\">http:\/\/blog.agra-rundfunk.de<\/a><\/p>\n<p>&nbsp;<\/p>\n<p>Die AGRA ist die Arbeitsgemeinschaft der \u00f6ffentlich-rechtlichen Redakteursaussch\u00fcsse (ARD, ZDF, Deutschlandradio und Deutsche Welle). Die Redakteursaussch\u00fcsse sind jeweils gew\u00e4hlte Vertreter der Redakteure und setzen sich f\u00fcr die innere und \u00e4u\u00dfere Pressefreiheit ein. Die Redakteursmitwirkung im \u00f6ffentlich-rechtlichen Rundfunk wurde vom Bundesverfassungsgericht best\u00e4tigt und ist in mehreren Bundesl\u00e4ndern gesetzlich festgeschrieben.<\/p>\n<p>&nbsp;<\/p>\n","protected":false},"excerpt":{"rendered":"<p>Die Rundfunkkommission der L\u00e4nder hat am 08.03.2023 den &#8222;Zukunftsrat&#8220; ins Leben gerufen. Wir Vertreterinnen und Vertreter der Redakteursaussch\u00fcsse von ARD, ZDF, Deutschlandradio und Deutscher Welle haben als Reaktion einen Brief an die Mitglieder der Rundfunkkommission geschrieben. Darin kritisieren wir die Zusammensetzung des Rates. Der Brief auch als Download: AGRA Zukunftsrat Wieder eine verpasste Chance &nbsp; &hellip; <\/p>\n<p class=\"link-more\"><a href=\"http:\/\/www.agra-rundfunk.de\/wordpress\/?p=959\" class=\"more-link\"><span class=\"screen-reader-text\">\u201e\u201eZukunftsrat\u201c: Wieder eine verpasste Chance\u201c<\/span> weiterlesen<\/a><\/p>\n","protected":false},"author":8,"featured_media":0,"comment_status":"open","ping_status":"open","sticky":false,"template":"","format":"standard","meta":{"jetpack_post_was_ever_published":false,"_jetpack_newsletter_access":"","_jetpack_dont_email_post_to_subs":false,"_jetpack_newsletter_tier_id":0,"_jetpack_memberships_contains_paywalled_content":false,"_jetpack_memberships_contains_paid_content":false,"footnotes":"","jetpack_publicize_message":"","jetpack_publicize_feature_enabled":true,"jetpack_social_post_already_shared":true,"jetpack_social_options":{"image_generator_settings":{"template":"highway","default_image_id":0,"font":"","enabled":false},"version":2}},"categories":[1],"tags":[],"class_list":["post-959","post","type-post","status-publish","format-standard","hentry","category-uncategorized","entry"],"jetpack_publicize_connections":[],"jetpack_featured_media_url":"","jetpack_sharing_enabled":true,"jetpack_shortlink":"https:\/\/wp.me\/p5x4SE-ft","_links":{"self":[{"href":"http:\/\/www.agra-rundfunk.de\/wordpress\/index.php?rest_route=\/wp\/v2\/posts\/959","targetHints":{"allow":["GET"]}}],"collection":[{"href":"http:\/\/www.agra-rundfunk.de\/wordpress\/index.php?rest_route=\/wp\/v2\/posts"}],"about":[{"href":"http:\/\/www.agra-rundfunk.de\/wordpress\/index.php?rest_route=\/wp\/v2\/types\/post"}],"author":[{"embeddable":true,"href":"http:\/\/www.agra-rundfunk.de\/wordpress\/index.php?rest_route=\/wp\/v2\/users\/8"}],"replies":[{"embeddable":true,"href":"http:\/\/www.agra-rundfunk.de\/wordpress\/index.php?rest_route=%2Fwp%2Fv2%2Fcomments&post=959"}],"version-history":[{"count":1,"href":"http:\/\/www.agra-rundfunk.de\/wordpress\/index.php?rest_route=\/wp\/v2\/posts\/959\/revisions"}],"predecessor-version":[{"id":962,"href":"http:\/\/www.agra-rundfunk.de\/wordpress\/index.php?rest_route=\/wp\/v2\/posts\/959\/revisions\/962"}],"wp:attachment":[{"href":"http:\/\/www.agra-rundfunk.de\/wordpress\/index.php?rest_route=%2Fwp%2Fv2%2Fmedia&parent=959"}],"wp:term":[{"taxonomy":"category","embeddable":true,"href":"http:\/\/www.agra-rundfunk.de\/wordpress\/index.php?rest_route=%2Fwp%2Fv2%2Fcategories&post=959"},{"taxonomy":"post_tag","embeddable":true,"href":"http:\/\/www.agra-rundfunk.de\/wordpress\/index.php?rest_route=%2Fwp%2Fv2%2Ftags&post=959"}],"curies":[{"name":"wp","href":"https:\/\/api.w.org\/{rel}","templated":true}]}}