{"id":952,"date":"2023-01-24T15:33:17","date_gmt":"2023-01-24T14:33:17","guid":{"rendered":"http:\/\/www.agra-rundfunk.de\/wordpress\/?p=952"},"modified":"2023-01-24T16:32:41","modified_gmt":"2023-01-24T15:32:41","slug":"rundfunkreform-nicht-ohne-uns-journalistinnen-brief-an-die-rundfunkkommission","status":"publish","type":"post","link":"http:\/\/www.agra-rundfunk.de\/wordpress\/?p=952","title":{"rendered":"Rundfunkreform: Nicht ohne uns Journalist*innen! &#8211; Brief an die Rundfunkkommission"},"content":{"rendered":"<p>Die Rundfunkkommission der Bundesl\u00e4nder hat am 19.\/20. Januar 2023 <a href=\"https:\/\/www.rlp.de\/fileadmin\/rlp-stk\/pdf-Dateien\/Medienpolitik\/Beschluesse_der_Rundfunkkommission\/Beschluss_der_RFK_vom_20.1.23_zur_Reform_des_oeffentlich-rechtlichen_Rundfunks.pdf\">weitreichende Beschl\u00fcsse<\/a> gefasst. Unter anderem soll ein &#8222;Zukunftsrat&#8220; gegr\u00fcndet werden, der die Medienpolitiker ber\u00e4t. Wir fordern, dass auch Journalist*innen der Anstalten dort vertreten sind. Die Arbeitsgemeinschaft der \u00f6ffentlich-rechtlichen Redakteursaussch\u00fcsse hat sich deshalb in einem Brief an die Mitglieder der Rundfunkkommission der Bundesl\u00e4nder gewandt. Hier der Brief in voller L\u00e4nge und zum <a href=\"http:\/\/www.agra-rundfunk.de\/wordpress\/wp-content\/uploads\/2023\/01\/AGRA-zur-Rundfunkreform-Nicht-ohne-uns-Journalist_innen.pdf\" target=\"_blank\" rel=\"noopener\">Download<\/a>.<\/p>\n<p>&nbsp;<\/p>\n<p>Sehr geehrte Damen und Herren,<\/p>\n<p>&nbsp;<\/p>\n<p>in der Medienpolitik und in der \u00d6ffentlichkeit wird derzeit \u00fcber eine grundlegende Reform des \u00f6ffentlich-rechtlichen Rundfunks diskutiert. Die Arbeitsgemeinschaft der \u00f6ffentlich-rechtlichen Redakteursaussch\u00fcsse (AGRA) ist der Meinung: Man kann \u00fcber vieles diskutieren \u2013 aber nicht \u00fcber unsere K\u00f6pfe hinweg!<\/p>\n<p>Die Journalistinnen und Journalisten sind die Berufsgruppe, die den Meinungspluralismus in den Anstalten garantiert. Das hat auch das Bundesverfassungsgericht schon 1991 best\u00e4tigt.<\/p>\n<p>Deshalb fordern wir, dass wir entsprechend angeh\u00f6rt werden, in die Entscheidungsprozesse einbezogen werden und ein Mitspracherecht erhalten.<\/p>\n<p>Die Sichtweise der Redaktionen von ARD, ZDF, Deutschlandradio und Deutscher Welle muss zwingend in die Debatte einflie\u00dfen. Wir stehen f\u00fcr Gespr\u00e4che in jeglichem Rahmen jederzeit zur Verf\u00fcgung.<\/p>\n<p>Konkret fordern wir eine<strong> Beteiligung beim <\/strong>von der Rundfunkkommission angedachten<strong> \u201eZukunftsrat\u201c.<\/strong><\/p>\n<p>Unsere Kolleg*innen in den Redaktionen arbeiten jeden Tag an einem qualitativ hochwertigen Programm und seri\u00f6ser Berichterstattung, entwickeln Formate f\u00fcr alle Zielgruppen und stehen im Austausch mit dem Publikum. Unsere Expertise und Erfahrung machen uns zu unverzichtbaren Gespr\u00e4chs- und Verhandlungspartnern in Zukunftsfragen.<\/p>\n<p>Nicht zuletzt die Vorg\u00e4nge beim RBB und NDR im vergangenen Jahr haben gezeigt, dass die Mitsprache der Redaktionsvertretungen unverzichtbar ist. Deshalb fordern wir erneut<strong> starke Redaktionsstatute in den Anstalten <\/strong>und eine St\u00e4rkung der Redaktionsaussch\u00fcsse \u2013 ganz im Sinne einer starken Inneren Rundfunkfreiheit und der \u201eGood Governance\u201c, wie es im Beschluss der Klausurtagung der Rundfunkkommission vom 19.\/20. Januar 2023 formuliert wurde.<\/p>\n<p>Wir bitten Sie deshalb, uns bei der Besetzung des \u201eZukunftsrats\u201c zu ber\u00fccksichtigen und sich in Ihrer parlamentarischen, administrativen und gesellschaftlichen Funktion f\u00fcr die St\u00e4rkung bzw. Implementierung von Redaktionsstatuten einzusetzen.<\/p>\n<p>&nbsp;<\/p>\n<p>Mit freundlichen Gr\u00fc\u00dfen<\/p>\n<p>&nbsp;<\/p>\n<p>Hubert Krech, Gabi Probst, Renate Ulm<\/p>\n<p>Sprecher*innen der AGRA<\/p>\n<p>______________<\/p>\n<p>AGRA \u2013 Arbeitsgemeinschaft der \u00f6ffentlich-rechtlichen Redakteursaussch\u00fcsse<\/p>\n<p>Sprecher: Hubert Krech (ZDF), Gabi Probst (RBB), Renate Ulm (BR)<\/p>\n<p>Kontakt: sprecher@agra-rundfunk.de; http:\/\/blog.agra-rundfunk.de<\/p>\n<p>Die AGRA ist die Arbeitsgemeinschaft der \u00f6ffentlich-rechtlichen Redakteursaussch\u00fcsse (ARD, ZDF, Deutschlandradio und Deutsche Welle). Die Redakteursaussch\u00fcsse sind jeweils gew\u00e4hlte Vertreter der Redakteure und setzen sich f\u00fcr die innere und \u00e4u\u00dfere Pressefreiheit ein. Die Redakteursmitwirkung im \u00f6ffentlich-rechtlichen Rundfunk wurde vom Bundesverfassungsgericht best\u00e4tigt und ist in mehreren Bundesl\u00e4ndern gesetzlich festgeschrieben.<\/p>\n","protected":false},"excerpt":{"rendered":"<p>Die Rundfunkkommission der Bundesl\u00e4nder hat am 19.\/20. Januar 2023 weitreichende Beschl\u00fcsse gefasst. Unter anderem soll ein &#8222;Zukunftsrat&#8220; gegr\u00fcndet werden, der die Medienpolitiker ber\u00e4t. Wir fordern, dass auch Journalist*innen der Anstalten dort vertreten sind. Die Arbeitsgemeinschaft der \u00f6ffentlich-rechtlichen Redakteursaussch\u00fcsse hat sich deshalb in einem Brief an die Mitglieder der Rundfunkkommission der Bundesl\u00e4nder gewandt. Hier der Brief &hellip; <\/p>\n<p class=\"link-more\"><a href=\"http:\/\/www.agra-rundfunk.de\/wordpress\/?p=952\" class=\"more-link\"><span class=\"screen-reader-text\">\u201eRundfunkreform: Nicht ohne uns Journalist*innen! &#8211; Brief an die Rundfunkkommission\u201c<\/span> weiterlesen<\/a><\/p>\n","protected":false},"author":8,"featured_media":0,"comment_status":"open","ping_status":"open","sticky":false,"template":"","format":"standard","meta":{"jetpack_post_was_ever_published":false,"_jetpack_newsletter_access":"","_jetpack_dont_email_post_to_subs":false,"_jetpack_newsletter_tier_id":0,"_jetpack_memberships_contains_paywalled_content":false,"_jetpack_memberships_contains_paid_content":false,"footnotes":"","jetpack_publicize_message":"","jetpack_publicize_feature_enabled":true,"jetpack_social_post_already_shared":true,"jetpack_social_options":{"image_generator_settings":{"template":"highway","default_image_id":0,"font":"","enabled":false},"version":2}},"categories":[1],"tags":[],"class_list":["post-952","post","type-post","status-publish","format-standard","hentry","category-uncategorized","entry"],"jetpack_publicize_connections":[],"jetpack_featured_media_url":"","jetpack_sharing_enabled":true,"jetpack_shortlink":"https:\/\/wp.me\/p5x4SE-fm","_links":{"self":[{"href":"http:\/\/www.agra-rundfunk.de\/wordpress\/index.php?rest_route=\/wp\/v2\/posts\/952","targetHints":{"allow":["GET"]}}],"collection":[{"href":"http:\/\/www.agra-rundfunk.de\/wordpress\/index.php?rest_route=\/wp\/v2\/posts"}],"about":[{"href":"http:\/\/www.agra-rundfunk.de\/wordpress\/index.php?rest_route=\/wp\/v2\/types\/post"}],"author":[{"embeddable":true,"href":"http:\/\/www.agra-rundfunk.de\/wordpress\/index.php?rest_route=\/wp\/v2\/users\/8"}],"replies":[{"embeddable":true,"href":"http:\/\/www.agra-rundfunk.de\/wordpress\/index.php?rest_route=%2Fwp%2Fv2%2Fcomments&post=952"}],"version-history":[{"count":3,"href":"http:\/\/www.agra-rundfunk.de\/wordpress\/index.php?rest_route=\/wp\/v2\/posts\/952\/revisions"}],"predecessor-version":[{"id":957,"href":"http:\/\/www.agra-rundfunk.de\/wordpress\/index.php?rest_route=\/wp\/v2\/posts\/952\/revisions\/957"}],"wp:attachment":[{"href":"http:\/\/www.agra-rundfunk.de\/wordpress\/index.php?rest_route=%2Fwp%2Fv2%2Fmedia&parent=952"}],"wp:term":[{"taxonomy":"category","embeddable":true,"href":"http:\/\/www.agra-rundfunk.de\/wordpress\/index.php?rest_route=%2Fwp%2Fv2%2Fcategories&post=952"},{"taxonomy":"post_tag","embeddable":true,"href":"http:\/\/www.agra-rundfunk.de\/wordpress\/index.php?rest_route=%2Fwp%2Fv2%2Ftags&post=952"}],"curies":[{"name":"wp","href":"https:\/\/api.w.org\/{rel}","templated":true}]}}