{"id":948,"date":"2022-10-04T08:30:22","date_gmt":"2022-10-04T07:30:22","guid":{"rendered":"http:\/\/www.agra-rundfunk.de\/wordpress\/?p=948"},"modified":"2022-10-04T08:40:27","modified_gmt":"2022-10-04T07:40:27","slug":"krise-der-ard-oeffentlich-rechtliche-journalistinnen-fordern-staerkere-mitspracherechte","status":"publish","type":"post","link":"http:\/\/www.agra-rundfunk.de\/wordpress\/?p=948","title":{"rendered":"Krise der ARD: \u00d6ffentlich-rechtliche Journalist:innen fordern st\u00e4rkere Mitspracherechte"},"content":{"rendered":"<p>Die tiefe Krise, die durch die Vorg\u00e4nge bei RBB und NDR ausgel\u00f6st wurde, zeigt den Reformbedarf der Kontrollmechanismen in den Sendern. Die Arbeitsgemeinschaft der \u00f6ffentlich-rechtlichen Redaktionsaussch\u00fcsse (AGRA) fordert auf ihrer Herbsttagung in Cottbus deshalb einheitliche Standards f\u00fcr die gew\u00e4hlten Vertretungen der Journalist:innen in allen Anstalten. \u201eUm die innere Rundfunkfreiheit der Sender zu st\u00e4rken, brauchen wir vor allem starke Redaktionsvertretungen\u201c, sagt Hubert Krech, Sprecher der AGRA.<\/p>\n<p>Beispielgebend ist das neue Redaktionsstatut des \u00d6sterreichischen Rundfunks. Es sieht unter anderem Mitspracherechte bei der Besetzung journalistischer Leitungsposten vor und erm\u00f6glicht auch ein Misstrauensvotum gegen\u00fcber F\u00fchrungskr\u00e4ften. \u201eDas ORF-Statut ist zudem hervorragend dazu geeignet, die journalistische Unabh\u00e4ngigkeit in den Redaktionen zu wahren, weil es tats\u00e4chliche Transparenz und wirksame Beteiligung f\u00f6rdert und vor unzul\u00e4ssigen Eingriffen in die journalistische Unabh\u00e4ngigkeit sch\u00fctzt\u201c, betont Krech.<\/p>\n<p>Das Bundesverfassungsgericht hat die Bedeutung der Redaktionsvertretungen f\u00fcr die Programmgestaltung und -verantwortung schon 1991 best\u00e4tigt. Diese Vorgabe muss jetzt endlich erf\u00fcllt werden. Die AGRA fordert deshalb alle Verantwortlichen in den Sendern, Gremien und Parlamenten dazu auf, die bestehenden Statute zu verbessern. Dort wo es noch keine Redaktionsvertretungen gibt, zum Beispiel beim Bayerischen Rundfunk, m\u00fcssen sie eingerichtet werden. Eine solche Demokratisierung der Strukturen ist aus Sicht der AGRA die richtige Antwort auf die Vertrauenskrise.<\/p>\n<p>______________<\/p>\n<p>AGRA \u2013 Arbeitsgemeinschaft der \u00f6ffentlich-rechtlichen Redakteursaussch\u00fcsse<\/p>\n<p>Sprecher: Hubert Krech (ZDF), Gabi Probst (RBB), Renate Ulm (BR)<\/p>\n<p>Kontakt: sprecher@agra-rundfunk.de; http:\/\/blog.agra-rundfunk.de<\/p>\n<p>Die AGRA ist die Arbeitsgemeinschaft der \u00f6ffentlich-rechtlichen Redakteursaussch\u00fcsse (ARD, ZDF, Deutschlandradio und Deutsche Welle). Die Redakteursaussch\u00fcsse sind jeweils gew\u00e4hlte Vertreter der Redakteure und setzen sich f\u00fcr die innere und \u00e4u\u00dfere Pressefreiheit ein. Die Redakteursmitwirkung im \u00f6ffentlich-rechtlichen Rundfunk wurde vom Bundesverfassungsgericht best\u00e4tigt und ist in mehreren Bundesl\u00e4ndern gesetzlich festgeschrieben.<\/p>\n","protected":false},"excerpt":{"rendered":"<p>Die tiefe Krise, die durch die Vorg\u00e4nge bei RBB und NDR ausgel\u00f6st wurde, zeigt den Reformbedarf der Kontrollmechanismen in den Sendern. Die Arbeitsgemeinschaft der \u00f6ffentlich-rechtlichen Redaktionsaussch\u00fcsse (AGRA) fordert auf ihrer Herbsttagung in Cottbus deshalb einheitliche Standards f\u00fcr die gew\u00e4hlten Vertretungen der Journalist:innen in allen Anstalten. \u201eUm die innere Rundfunkfreiheit der Sender zu st\u00e4rken, brauchen wir &hellip; <\/p>\n<p class=\"link-more\"><a href=\"http:\/\/www.agra-rundfunk.de\/wordpress\/?p=948\" class=\"more-link\"><span class=\"screen-reader-text\">\u201eKrise der ARD: \u00d6ffentlich-rechtliche Journalist:innen fordern st\u00e4rkere Mitspracherechte\u201c<\/span> weiterlesen<\/a><\/p>\n","protected":false},"author":8,"featured_media":0,"comment_status":"open","ping_status":"open","sticky":false,"template":"","format":"standard","meta":{"jetpack_post_was_ever_published":false,"_jetpack_newsletter_access":"","_jetpack_dont_email_post_to_subs":false,"_jetpack_newsletter_tier_id":0,"_jetpack_memberships_contains_paywalled_content":false,"_jetpack_memberships_contains_paid_content":false,"footnotes":"","jetpack_publicize_message":"","jetpack_publicize_feature_enabled":true,"jetpack_social_post_already_shared":true,"jetpack_social_options":{"image_generator_settings":{"template":"highway","default_image_id":0,"font":"","enabled":false},"version":2}},"categories":[1],"tags":[],"class_list":["post-948","post","type-post","status-publish","format-standard","hentry","category-uncategorized","entry"],"jetpack_publicize_connections":[],"jetpack_featured_media_url":"","jetpack_sharing_enabled":true,"jetpack_shortlink":"https:\/\/wp.me\/p5x4SE-fi","_links":{"self":[{"href":"http:\/\/www.agra-rundfunk.de\/wordpress\/index.php?rest_route=\/wp\/v2\/posts\/948","targetHints":{"allow":["GET"]}}],"collection":[{"href":"http:\/\/www.agra-rundfunk.de\/wordpress\/index.php?rest_route=\/wp\/v2\/posts"}],"about":[{"href":"http:\/\/www.agra-rundfunk.de\/wordpress\/index.php?rest_route=\/wp\/v2\/types\/post"}],"author":[{"embeddable":true,"href":"http:\/\/www.agra-rundfunk.de\/wordpress\/index.php?rest_route=\/wp\/v2\/users\/8"}],"replies":[{"embeddable":true,"href":"http:\/\/www.agra-rundfunk.de\/wordpress\/index.php?rest_route=%2Fwp%2Fv2%2Fcomments&post=948"}],"version-history":[{"count":1,"href":"http:\/\/www.agra-rundfunk.de\/wordpress\/index.php?rest_route=\/wp\/v2\/posts\/948\/revisions"}],"predecessor-version":[{"id":950,"href":"http:\/\/www.agra-rundfunk.de\/wordpress\/index.php?rest_route=\/wp\/v2\/posts\/948\/revisions\/950"}],"wp:attachment":[{"href":"http:\/\/www.agra-rundfunk.de\/wordpress\/index.php?rest_route=%2Fwp%2Fv2%2Fmedia&parent=948"}],"wp:term":[{"taxonomy":"category","embeddable":true,"href":"http:\/\/www.agra-rundfunk.de\/wordpress\/index.php?rest_route=%2Fwp%2Fv2%2Fcategories&post=948"},{"taxonomy":"post_tag","embeddable":true,"href":"http:\/\/www.agra-rundfunk.de\/wordpress\/index.php?rest_route=%2Fwp%2Fv2%2Ftags&post=948"}],"curies":[{"name":"wp","href":"https:\/\/api.w.org\/{rel}","templated":true}]}}