{"id":93,"date":"2011-06-10T20:08:54","date_gmt":"2011-06-10T19:08:54","guid":{"rendered":"http:\/\/blog.agra-rundfunk.de\/?p=93"},"modified":"2011-06-14T17:07:55","modified_gmt":"2011-06-14T16:07:55","slug":"agra-tagung-in-koln","status":"publish","type":"post","link":"http:\/\/www.agra-rundfunk.de\/wordpress\/?p=93","title":{"rendered":"AGRA-Tagung in K\u00f6ln"},"content":{"rendered":"<h4>Georg Berg (WDR) und Franziska Hofmann (ZDF) gew\u00e4hlt<\/h4>\n<p><img decoding=\"async\" src=\"http:\/\/www.agra-rundfunk.de\/wordpress\/wp-content\/uploads\/2011\/06\/agraJuni2011.jpg\" alt=\"Teilnehmer der AGRA-Tagung mit den Sprechern Franziska Hofmann (6. von links) und Georg Berg (2. von rechts)\" \/><\/p>\n<p>&#8222;In Zeiten verflachter Hierarchien und Inhalte sehen sich die Redakteursvertretungen mehr und mehr bei der Qualit\u00e4tssicherung gefordert&#8220;, hie\u00df es heute auf der j\u00fcngsten Tagung der Arbeitsgemeinschaft der \u00f6ffentlich-rechtlichen Redakteursaussch\u00fcsse, kurz AGRA. Teilnehmer aus fast allen ARD-Anstalten, dem ZDF, Dradio und Deutsche Welle waren zusammengekommen, um sich \u00fcber ihre Arbeit und aktuelle Probleme auszutauschen. Auf der Tagesordnung standen unter anderem j\u00fcngste Einsparungs- und K\u00fcrzungsvorhaben, aktuelle Programmentwicklungen und anstehende Konflikte in den einzelnen H\u00e4usern. Das Interesse war gro\u00df, denn trotz \u00fcbereinstimmender Interessen gestaltet sich die Arbeit der Redakteursvertreterinnen und -vertreter sehr unterschiedlich. So arbeiten z.B. in manchen Anstalten freie Mitarbeiter direkt in den Gremien mit, in anderen sind es ausschlie\u00dflich die fest angestellten Redakteure. &#8222;Hinzu kommt, dass das ZDF, der BR, der MDR und der SWR noch \u00fcberhaupt kein offizielles Redakteursstatut haben&#8220;, kritisiert der als Sprecher wiedergew\u00e4hlte Georg Berg (WDR) die gegenw\u00e4rtigen Verh\u00e4ltnisse. Er und Franziska Hofmann (ZDF) werden in den kommenden zwei Jahren das Sprecheramt ausf\u00fcllen, dem vor allem koordinierende Aufgaben zukommen.<\/p>\n","protected":false},"excerpt":{"rendered":"<p>Georg Berg (WDR) und Franziska Hofmann (ZDF) gew\u00e4hlt &#8222;In Zeiten verflachter Hierarchien und Inhalte sehen sich die Redakteursvertretungen mehr und mehr bei der Qualit\u00e4tssicherung gefordert&#8220;, hie\u00df es heute auf der j\u00fcngsten Tagung der Arbeitsgemeinschaft der \u00f6ffentlich-rechtlichen Redakteursaussch\u00fcsse, kurz AGRA. Teilnehmer aus fast allen ARD-Anstalten, dem ZDF, Dradio und Deutsche Welle waren zusammengekommen, um sich \u00fcber &hellip; <\/p>\n<p class=\"link-more\"><a href=\"http:\/\/www.agra-rundfunk.de\/wordpress\/?p=93\" class=\"more-link\"><span class=\"screen-reader-text\">\u201eAGRA-Tagung in K\u00f6ln\u201c<\/span> weiterlesen<\/a><\/p>\n","protected":false},"author":3,"featured_media":0,"comment_status":"open","ping_status":"open","sticky":false,"template":"","format":"standard","meta":{"jetpack_post_was_ever_published":false,"_jetpack_newsletter_access":"","_jetpack_dont_email_post_to_subs":false,"_jetpack_newsletter_tier_id":0,"_jetpack_memberships_contains_paywalled_content":false,"_jetpack_memberships_contains_paid_content":false,"footnotes":"","jetpack_publicize_message":"","jetpack_publicize_feature_enabled":true,"jetpack_social_post_already_shared":false,"jetpack_social_options":{"image_generator_settings":{"template":"highway","default_image_id":0,"font":"","enabled":false},"version":2}},"categories":[3,4,8],"tags":[],"class_list":["post-93","post","type-post","status-publish","format-standard","hentry","category-agra","category-beschluss","category-presse","entry"],"jetpack_publicize_connections":[],"jetpack_featured_media_url":"","jetpack_sharing_enabled":true,"jetpack_shortlink":"https:\/\/wp.me\/p5x4SE-1v","_links":{"self":[{"href":"http:\/\/www.agra-rundfunk.de\/wordpress\/index.php?rest_route=\/wp\/v2\/posts\/93","targetHints":{"allow":["GET"]}}],"collection":[{"href":"http:\/\/www.agra-rundfunk.de\/wordpress\/index.php?rest_route=\/wp\/v2\/posts"}],"about":[{"href":"http:\/\/www.agra-rundfunk.de\/wordpress\/index.php?rest_route=\/wp\/v2\/types\/post"}],"author":[{"embeddable":true,"href":"http:\/\/www.agra-rundfunk.de\/wordpress\/index.php?rest_route=\/wp\/v2\/users\/3"}],"replies":[{"embeddable":true,"href":"http:\/\/www.agra-rundfunk.de\/wordpress\/index.php?rest_route=%2Fwp%2Fv2%2Fcomments&post=93"}],"version-history":[{"count":17,"href":"http:\/\/www.agra-rundfunk.de\/wordpress\/index.php?rest_route=\/wp\/v2\/posts\/93\/revisions"}],"predecessor-version":[{"id":110,"href":"http:\/\/www.agra-rundfunk.de\/wordpress\/index.php?rest_route=\/wp\/v2\/posts\/93\/revisions\/110"}],"wp:attachment":[{"href":"http:\/\/www.agra-rundfunk.de\/wordpress\/index.php?rest_route=%2Fwp%2Fv2%2Fmedia&parent=93"}],"wp:term":[{"taxonomy":"category","embeddable":true,"href":"http:\/\/www.agra-rundfunk.de\/wordpress\/index.php?rest_route=%2Fwp%2Fv2%2Fcategories&post=93"},{"taxonomy":"post_tag","embeddable":true,"href":"http:\/\/www.agra-rundfunk.de\/wordpress\/index.php?rest_route=%2Fwp%2Fv2%2Ftags&post=93"}],"curies":[{"name":"wp","href":"https:\/\/api.w.org\/{rel}","templated":true}]}}