{"id":888,"date":"2021-10-29T13:19:59","date_gmt":"2021-10-29T12:19:59","guid":{"rendered":"http:\/\/www.agra-rundfunk.de\/wordpress\/?p=888"},"modified":"2021-10-29T13:31:15","modified_gmt":"2021-10-29T12:31:15","slug":"haende-weg-vom-oeffentlichen-rundfunk-in-der-schweiz","status":"publish","type":"post","link":"http:\/\/www.agra-rundfunk.de\/wordpress\/?p=888","title":{"rendered":"H\u00e4nde weg vom \u00f6ffentlichen Rundfunk in der Schweiz!"},"content":{"rendered":"<p>In der Schweiz droht die st\u00e4rkste Partei SVP damit, dem \u00f6ffentlichen Rundfunk die Geb\u00fchren um die H\u00e4lfte zu k\u00fcrzen. Derzeit baut die Partei Druck auf und erw\u00e4gt eine Volksabstimmung gegen die Schweizer Radio- und Fernsehgesellschaft SRG. Journalist*innen aus Deutschland, \u00d6sterreich und der Schweiz warnen vor diesem und weiteren Angriffen auf die unabh\u00e4ngige Berichterstattung &#8211; in ganz Europa.<\/p>\n<p>Die Redaktionsvertreter*innen erkennen in fast allen L\u00e4ndern immer heftigere Versuche, den \u00f6ffentlich-rechtlichen Rundfunk in seinen Kernaufgaben f\u00fcr die Gesellschaft zu schw\u00e4chen. &#8222;In \u00d6sterreich haben wir dabei gerade in den vergangenen Wochen gesehen, wie wichtig \u00f6ffentlich-rechtlicher Qualit\u00e4tsjournalismus f\u00fcr die Demokratie ist&#8220;, sagt Dieter Bornemann vom Redakteursrat des ORF bei einer gemeinsamen Sitzung der D-A-CH-Journalist*innen beim ZDF in Mainz. &#8222;Es zeigt sich bei uns auch, was passieren kann, wenn in privaten Boulevardmedien wirtschaftliche und politische Interessen auf Kosten der Steuerzahler*innen umgesetzt werden.&#8220;<\/p>\n<p>In Deutschland hat erst ein Urteil des Bundesverfassungsgerichts die finanzielle Grundlage des \u00f6ffentlich-rechtlichen Rundfunks sichergestellt. &#8222;Gerade in Zeiten von Fake News sind die Sender unverzichtbar \u2013 wer sie kleinredet und kaputtsparen will, greift damit auch die Gesellschaft an&#8220;, sagt AGRA-Sprecher Hubert Krech. &#8222;Der \u00f6ffentlich-rechtliche Rundfunk ist ein Grundpfeiler f\u00fcr Demokratie und Meinungsfreiheit.&#8220;<\/p>\n<p>Die besorgniserregende Situation der Journalist*innen in Ungarn oder Polen muss ein warnendes Beispiel sein. Deshalb appelliert die AGRA noch vor einer weiteren Volksabstimmung in der Schweiz an Politik und Gesellschaft, die Rundfunkanstalten vor finanziellen und personellen Einschnitten zu sch\u00fctzen.<\/p>\n<p>_____________________<\/p>\n<p>AGRA \u2013 Arbeitsgemeinschaft der \u00f6ffentlich-rechtlichen Redakteursaussch\u00fcsse<\/p>\n<p>Sprecher: Hubert Krech (ZDF), Gabi Probst (RBB), Renate Ulm (BR)<\/p>\n<p>Kontakt: sprecher@agra-rundfunk.de; http:\/\/blog.agra-rundfunk.de<\/p>\n<p>Die AGRA ist die Arbeitsgemeinschaft der \u00f6ffentlich-rechtlichen Redakteursaussch\u00fcsse (ARD, ZDF, Deutschlandradio und Deutsche Welle). Die Redakteursaussch\u00fcsse sind jeweils gew\u00e4hlte Vertreter der Redakteure und setzen sich f\u00fcr die innere und \u00e4u\u00dfere Pressefreiheit ein. Die Redakteursmitwirkung im \u00f6ffentlich-rechtlichen Rundfunk wurde vom Bundesverfassungsgericht best\u00e4tigt und ist in mehreren Bundesl\u00e4ndern gesetzlich festgeschrieben.<\/p>\n","protected":false},"excerpt":{"rendered":"<p>In der Schweiz droht die st\u00e4rkste Partei SVP damit, dem \u00f6ffentlichen Rundfunk die Geb\u00fchren um die H\u00e4lfte zu k\u00fcrzen. Derzeit baut die Partei Druck auf und erw\u00e4gt eine Volksabstimmung gegen die Schweizer Radio- und Fernsehgesellschaft SRG. Journalist*innen aus Deutschland, \u00d6sterreich und der Schweiz warnen vor diesem und weiteren Angriffen auf die unabh\u00e4ngige Berichterstattung &#8211; in &hellip; <\/p>\n<p class=\"link-more\"><a href=\"http:\/\/www.agra-rundfunk.de\/wordpress\/?p=888\" class=\"more-link\"><span class=\"screen-reader-text\">\u201eH\u00e4nde weg vom \u00f6ffentlichen Rundfunk in der Schweiz!\u201c<\/span> weiterlesen<\/a><\/p>\n","protected":false},"author":8,"featured_media":0,"comment_status":"open","ping_status":"open","sticky":false,"template":"","format":"standard","meta":{"jetpack_post_was_ever_published":false,"_jetpack_newsletter_access":"","_jetpack_dont_email_post_to_subs":false,"_jetpack_newsletter_tier_id":0,"_jetpack_memberships_contains_paywalled_content":false,"_jetpack_memberships_contains_paid_content":false,"footnotes":"","jetpack_publicize_message":"","jetpack_publicize_feature_enabled":true,"jetpack_social_post_already_shared":true,"jetpack_social_options":{"image_generator_settings":{"template":"highway","default_image_id":0,"font":"","enabled":false},"version":2}},"categories":[3,4],"tags":[],"class_list":["post-888","post","type-post","status-publish","format-standard","hentry","category-agra","category-beschluss","entry"],"jetpack_publicize_connections":[],"jetpack_featured_media_url":"","jetpack_sharing_enabled":true,"jetpack_shortlink":"https:\/\/wp.me\/p5x4SE-ek","_links":{"self":[{"href":"http:\/\/www.agra-rundfunk.de\/wordpress\/index.php?rest_route=\/wp\/v2\/posts\/888","targetHints":{"allow":["GET"]}}],"collection":[{"href":"http:\/\/www.agra-rundfunk.de\/wordpress\/index.php?rest_route=\/wp\/v2\/posts"}],"about":[{"href":"http:\/\/www.agra-rundfunk.de\/wordpress\/index.php?rest_route=\/wp\/v2\/types\/post"}],"author":[{"embeddable":true,"href":"http:\/\/www.agra-rundfunk.de\/wordpress\/index.php?rest_route=\/wp\/v2\/users\/8"}],"replies":[{"embeddable":true,"href":"http:\/\/www.agra-rundfunk.de\/wordpress\/index.php?rest_route=%2Fwp%2Fv2%2Fcomments&post=888"}],"version-history":[{"count":5,"href":"http:\/\/www.agra-rundfunk.de\/wordpress\/index.php?rest_route=\/wp\/v2\/posts\/888\/revisions"}],"predecessor-version":[{"id":894,"href":"http:\/\/www.agra-rundfunk.de\/wordpress\/index.php?rest_route=\/wp\/v2\/posts\/888\/revisions\/894"}],"wp:attachment":[{"href":"http:\/\/www.agra-rundfunk.de\/wordpress\/index.php?rest_route=%2Fwp%2Fv2%2Fmedia&parent=888"}],"wp:term":[{"taxonomy":"category","embeddable":true,"href":"http:\/\/www.agra-rundfunk.de\/wordpress\/index.php?rest_route=%2Fwp%2Fv2%2Fcategories&post=888"},{"taxonomy":"post_tag","embeddable":true,"href":"http:\/\/www.agra-rundfunk.de\/wordpress\/index.php?rest_route=%2Fwp%2Fv2%2Ftags&post=888"}],"curies":[{"name":"wp","href":"https:\/\/api.w.org\/{rel}","templated":true}]}}