{"id":859,"date":"2021-08-16T09:55:02","date_gmt":"2021-08-16T08:55:02","guid":{"rendered":"http:\/\/www.agra-rundfunk.de\/wordpress\/?p=859"},"modified":"2021-08-16T10:25:11","modified_gmt":"2021-08-16T09:25:11","slug":"geplante-apple-ueberwachung-ist-verstoss-gegen-pressefreiheit","status":"publish","type":"post","link":"http:\/\/www.agra-rundfunk.de\/wordpress\/?p=859","title":{"rendered":"Geplante Apple-\u00dcberwachung ist Versto\u00df gegen Pressefreiheit"},"content":{"rendered":"<p>Journalisten aus Deutschland, \u00d6sterreich und der Schweiz protestieren gegen eine Ank\u00fcndigung des Apple-Konzerns, Mobiltelefone k\u00fcnftig auch lokal \u00fcberwachen zu wollen. Sie halten diese f\u00fcr einen Versto\u00df gegen die Pressefreiheit und fordern die EU-Kommission und die \u00f6sterreichischen und deutschen Bundesinnenminister sowie die Datenschutzbeauftragten auf, gegen diese Pl\u00e4ne vorzugehen. Apple hatte dieses Vorgehen angek\u00fcndigt \u2013 offiziell, um kinderpornografische Bilder zu entdecken.<\/p>\n<p>\u201eTats\u00e4chlich ist das aber auch ein Hilfsmittel, mit dem ein Unternehmen auf Daten von Nutzern auf deren eigenen Ger\u00e4ten zugreifen will\u201c, so Hubert Krech, Sprecher der \u00f6ffentlich-rechtlichen Redakteursvereinigung AGRA. Dies sei eine Gefahr f\u00fcr den Journalismus und ein eindeutiger Versto\u00df gegen die europ\u00e4ische Datenschutzgrundverordnung DSGVO, gegen die e-Privacy-Rechtlinie und gegen Grundrechte. Frank \u00dcberall, Vorsitzender des deutschen Journalistenverbandes DJV h\u00e4lt die Apple-Pl\u00e4ne nur f\u00fcr den ersten Schritt. \u201eWerden dann irgendwann per Algorithmus Bilder oder Videos von Regimegegnern \u00fcberpr\u00fcft oder Nutzerdaten?\u201c<\/p>\n<p>Dieter Bornemann, Sprecher des ORF-Redakteursrats bef\u00fcrchtet, dass in einem weiteren Schritt \u201ezum Beispiel die ungarische Orban-Regierung auf diese Weise Bilder der LGBT-Gemeinschaft kontrollieren lassen k\u00f6nnte\u201c. Auch in der T\u00fcrkei sei eine umfassende Kontrolle denkbar oder in totalit\u00e4ren Staaten. Dass Apple dies vorerst nur in den USA plane, so Manfred Kloiber, der Bundesvorsitzende der Fachgruppe Medien in ver.di, spiele keine Rolle. Die meisten europ\u00e4ischen Medien h\u00e4tten Korrespondenten in den USA und diese h\u00e4tten Kontaktpersonen dort. Insofern seien sehr wohl europ\u00e4ische Nutzer betroffen. Was in den USA beginne, werde sicher auch in Europa folgen.<\/p>\n<p>\u201eAlle Journalisten haben vertrauliche Inhalte auf ihren Smartphones\u201c, so\u00a0Ex-USA-Korrespondentin\u00a0Priscilla Imboden von der Schweizer Mediengewerkschaft SSM, \u201ees kann nicht sein, dass hier ein amerikanisches Privatunternehmen \u00fcber die Zul\u00e4ssigkeit von Inhalten urteilen und diese auch noch einsehen und weiterleiten will\u201c. Auch investigative Recherchen w\u00e4ren damit massiv erschwert.<\/p>\n<p>Die Unterzeichnenden dieses Schreibens fordern die zust\u00e4ndigen Stellen auf, die Pl\u00e4ne des Apple-Konzerns f\u00fcr alle europ\u00e4ischen L\u00e4nder zu unterbinden.<\/p>\n<p>Hubert Krech, Sprecher der AGRA<br \/>\nFrank \u00dcberall, Deutscher Journalisten-Verband DJV<br \/>\nDieter Bornemann, ORF-Redakteursrat<br \/>\nPriscilla Imboden, Schweizer Mediengewerkschaft SSM<br \/>\nManfred Kloiber, Fachgruppe Medien in Verdi<\/p>\n<p><strong>Der Aufruf wurde an die Pr\u00e4sidentin der Europ\u00e4ischen Kommission, die Innenminister der drei L\u00e4nder und die Datenschutzbeauftragten in den L\u00e4ndern verschickt.<\/strong><\/p>\n<p>Der Brief zum Download: <a href=\"http:\/\/www.agra-rundfunk.de\/wordpress\/wp-content\/uploads\/2021\/08\/Anschreiben-gemeinsamer-Aufruf-der-Journalisten-in-D_-A-und-CH.pdf\">Anschreiben- gemeinsamer Aufruf der Journalisten in D_ A und CH<\/a><\/p>\n<p>Der gemeinsame Aufruf zum Download: <a href=\"http:\/\/www.agra-rundfunk.de\/wordpress\/wp-content\/uploads\/2021\/08\/Aufruf_Apple-Ueberwachung_ist_Verstoss_gegen_Pressefreiheit.pdf\">Aufruf_Apple-\u00dcberwachung_ist_Versto\u00df_gegen_Pressefreiheit<\/a><\/p>\n<p>_____________________<\/p>\n<p>AGRA \u2013 Arbeitsgemeinschaft der \u00f6ffentlich-rechtlichen Redakteursaussch\u00fcsse<\/p>\n<p>Sprecher: Hubert Krech (ZDF), Julius Heeke (Radio Bremen), Gabi Probst (RBB)<\/p>\n<p>Kontakt: sprecher@agra-rundfunk.de; http:\/\/blog.agra-rundfunk.de<\/p>\n<p>Die AGRA ist die Arbeitsgemeinschaft der \u00f6ffentlich-rechtlichen Redakteursaussch\u00fcsse (ARD, ZDF, Deutschlandradio und Deutsche Welle). Die Redakteursaussch\u00fcsse sind jeweils gew\u00e4hlte Vertreter der Redakteure und setzen sich f\u00fcr die innere und \u00e4u\u00dfere Pressefreiheit ein. Die Redakteursmitwirkung im \u00f6ffentlich-rechtlichen Rundfunk wurde vom Bundesverfassungsgericht best\u00e4tigt und ist in mehreren Bundesl\u00e4ndern gesetzlich festgeschrieben.<\/p>\n","protected":false},"excerpt":{"rendered":"<p>Journalisten aus Deutschland, \u00d6sterreich und der Schweiz protestieren gegen eine Ank\u00fcndigung des Apple-Konzerns, Mobiltelefone k\u00fcnftig auch lokal \u00fcberwachen zu wollen. Sie halten diese f\u00fcr einen Versto\u00df gegen die Pressefreiheit und fordern die EU-Kommission und die \u00f6sterreichischen und deutschen Bundesinnenminister sowie die Datenschutzbeauftragten auf, gegen diese Pl\u00e4ne vorzugehen. Apple hatte dieses Vorgehen angek\u00fcndigt \u2013 offiziell, um &hellip; <\/p>\n<p class=\"link-more\"><a href=\"http:\/\/www.agra-rundfunk.de\/wordpress\/?p=859\" class=\"more-link\"><span class=\"screen-reader-text\">\u201eGeplante Apple-\u00dcberwachung ist Versto\u00df gegen Pressefreiheit\u201c<\/span> weiterlesen<\/a><\/p>\n","protected":false},"author":8,"featured_media":0,"comment_status":"open","ping_status":"open","sticky":false,"template":"","format":"standard","meta":{"jetpack_post_was_ever_published":false,"_jetpack_newsletter_access":"","_jetpack_dont_email_post_to_subs":false,"_jetpack_newsletter_tier_id":0,"_jetpack_memberships_contains_paywalled_content":false,"_jetpack_memberships_contains_paid_content":false,"footnotes":"","jetpack_publicize_message":"","jetpack_publicize_feature_enabled":true,"jetpack_social_post_already_shared":true,"jetpack_social_options":{"image_generator_settings":{"template":"highway","default_image_id":0,"font":"","enabled":false},"version":2}},"categories":[3],"tags":[27,30,28,29],"class_list":["post-859","post","type-post","status-publish","format-standard","hentry","category-agra","tag-apple","tag-datenschutz","tag-pressefreiheit","tag-ueberwachung","entry"],"jetpack_publicize_connections":[],"jetpack_featured_media_url":"","jetpack_sharing_enabled":true,"jetpack_shortlink":"https:\/\/wp.me\/p5x4SE-dR","_links":{"self":[{"href":"http:\/\/www.agra-rundfunk.de\/wordpress\/index.php?rest_route=\/wp\/v2\/posts\/859","targetHints":{"allow":["GET"]}}],"collection":[{"href":"http:\/\/www.agra-rundfunk.de\/wordpress\/index.php?rest_route=\/wp\/v2\/posts"}],"about":[{"href":"http:\/\/www.agra-rundfunk.de\/wordpress\/index.php?rest_route=\/wp\/v2\/types\/post"}],"author":[{"embeddable":true,"href":"http:\/\/www.agra-rundfunk.de\/wordpress\/index.php?rest_route=\/wp\/v2\/users\/8"}],"replies":[{"embeddable":true,"href":"http:\/\/www.agra-rundfunk.de\/wordpress\/index.php?rest_route=%2Fwp%2Fv2%2Fcomments&post=859"}],"version-history":[{"count":10,"href":"http:\/\/www.agra-rundfunk.de\/wordpress\/index.php?rest_route=\/wp\/v2\/posts\/859\/revisions"}],"predecessor-version":[{"id":877,"href":"http:\/\/www.agra-rundfunk.de\/wordpress\/index.php?rest_route=\/wp\/v2\/posts\/859\/revisions\/877"}],"wp:attachment":[{"href":"http:\/\/www.agra-rundfunk.de\/wordpress\/index.php?rest_route=%2Fwp%2Fv2%2Fmedia&parent=859"}],"wp:term":[{"taxonomy":"category","embeddable":true,"href":"http:\/\/www.agra-rundfunk.de\/wordpress\/index.php?rest_route=%2Fwp%2Fv2%2Fcategories&post=859"},{"taxonomy":"post_tag","embeddable":true,"href":"http:\/\/www.agra-rundfunk.de\/wordpress\/index.php?rest_route=%2Fwp%2Fv2%2Ftags&post=859"}],"curies":[{"name":"wp","href":"https:\/\/api.w.org\/{rel}","templated":true}]}}