{"id":822,"date":"2021-04-08T10:00:38","date_gmt":"2021-04-08T09:00:38","guid":{"rendered":"http:\/\/www.agra-rundfunk.de\/wordpress\/?p=822"},"modified":"2021-04-08T10:00:38","modified_gmt":"2021-04-08T09:00:38","slug":"aufruf-schuetzt-unsere-reporterinnen-und-reporter-und-ihre-teams","status":"publish","type":"post","link":"http:\/\/www.agra-rundfunk.de\/wordpress\/?p=822","title":{"rendered":"Aufruf: Sch\u00fctzt unsere Reporterinnen und Reporter und ihre Teams!"},"content":{"rendered":"<p>Die Aggression und auch die Zahl der \u00dcbergriffe auf Reporterteams bei Demonstrationen und anderen Eins\u00e4tzen steigen. Das k\u00f6nnen wir nicht weiter hinnehmen. Jeder \u00dcbergriff ist auch ein Angriff auf die Presse- und Rundfunkfreiheit. Deshalb fordern wir von Sicherheitsbeh\u00f6rden und der Politik konkrete Ma\u00dfnahmen zum Schutz unserer Kolleg*innen &#8211; selbstverst\u00e4ndlich auch der Journalist*innen der privaten Medien.<\/p>\n<p>Aus diesem Grund haben wir allen Innenminister*innen und Justizminister*innen der Bundesregierung und aller Landesregierungen einen Brief mit unseren Forderungen geschrieben. Der Aufruf ging auch an die entsprechenden Parlamentsaussch\u00fcsse und an Abgeordnete.<\/p>\n<p>Hier ist der Wortlaut des gemeinsamen Briefs aller Redaktionsvertretungen der \u00f6ffentlich-rechtlichen Sender und der Brief als Download.<\/p>\n<p><a href=\"http:\/\/www.agra-rundfunk.de\/wordpress\/wp-content\/uploads\/2021\/04\/Aufruf_Schutz-fuer_Reporter_innen_AGRA.pdf\">Download des Aufrufs: Sch\u00fctzt unsere Kolleg*innen!<\/a><\/p>\n<p>___<\/p>\n<p>An die Ministerinnen und Minister f\u00fcr Inneres und f\u00fcr Justiz der Bundesrepublik Deutschland und der Bundesl\u00e4nder, an Staatssekret\u00e4rinnen und Staatssekret\u00e4re und Abgeordnete der deutschen Parlamente<\/p>\n<p>Sehr geehrte Damen und Herren Ministerinnen und Minister, Staatssekret\u00e4rinnen und Staatssekret\u00e4re und sehr geehrte Damen und Herren Abgeordnete,<\/p>\n<p>wir sehen die Angriffe von Demonstrationsteilnehmern auf unsere Kolleginnen und Kollegen von Fernsehen, H\u00f6rfunk, Online und Printmedien mit gro\u00dfer Sorge. Als die gew\u00e4hlten Vertreter*innen der Redakteur*innen von ARD, ZDF, Deutschlandradio und Deutscher Welle fordern wir Ma\u00dfnahmen gegen die \u00dcbergriffe.<\/p>\n<p>Die Journalist*innen und ihre Teams werden schon seit einigen Jahren massiv beschimpft und bedr\u00e4ngt \u2013 und teilweise sogar k\u00f6rperlich angegriffen. Einige Reportage-Teams k\u00f6nnen schon l\u00e4nger ihre Arbeit nur unter Schutz von privaten Sicherheitsfirmen verrichten. Immer wieder werden Reporter*innen und Teammitglieder verletzt und m\u00fcssen sogar \u00e4rztlich behandelt werden. Zuletzt wurden auch Kolleg*innen w\u00e4hrend einer Live-Fernseh-Schalte in Stuttgart mit Steinen beworfen. All das ist durch zahlreiche Videoaufnahmen und Zeugenberichte dokumentiert.<\/p>\n<p>Das k\u00f6nnen und wollen wir nicht als m\u00f6gliches Berufsrisiko hinnehmen.<\/p>\n<p>Wir fordern Sie dazu auf, endlich ein Konzept zum Schutz <strong>aller journalistisch t\u00e4tigen Personen<\/strong> vorzulegen und dann auch z\u00fcgig umzusetzen.<\/p>\n<p>Konkret fordern wir:<\/p>\n<ul>\n<li>Die Reporter*innen und ihre Teams m\u00fcssen ungehindert ihre Arbeit machen und sich frei bewegen k\u00f6nnen.<\/li>\n<li>Die Sicherheitskr\u00e4fte m\u00fcssen umgehend eingreifen und die Journalist*innen sch\u00fctzen, sobald es Anzeichen von \u00dcbergriffen gibt.<\/li>\n<li>Angreifer*innen m\u00fcssen identifiziert und anschlie\u00dfend strafrechtlich verfolgt werden.<\/li>\n<li>Sicherheitskr\u00e4fte m\u00fcssen bei ihren Eins\u00e4tzen alle Handlungen unterlassen, die bei aggressiven Demonstrant*innen ein Gef\u00fchl der Rechtm\u00e4\u00dfigkeit ihrer Aktionen bewirken k\u00f6nnen.<\/li>\n<\/ul>\n<p>Der freie Rundfunk und die freie Presse sind ein Garant der Demokratie. Jeder Angriff auf die Berichterstattung ist auch ein Angriff auf die freiheitlich-demokratische Grundordnung.<\/p>\n<p>Auch die Beleidigungen, Mordphantasien bis hin zu konkreten Drohungen im Netz dienen der Einsch\u00fcchterung unserer Kolleg*innen \u2013 auch das muss durch Gesetze und konsequente Strafverfolgung unterbunden werden.<\/p>\n<p>Wir sind gern bereit, an einem Konzept mitzuwirken, und sind f\u00fcr R\u00fcckfragen offen.<\/p>\n<p>_____________________<\/p>\n<p>AGRA \u2013 Arbeitsgemeinschaft der \u00f6ffentlich-rechtlichen Redakteursaussch\u00fcsse<\/p>\n<p>Sprecher: Hubert Krech (ZDF), Julius Heeke (Radio Bremen), Gabi Probst (RBB)<\/p>\n<p>Kontakt: sprecher@agra-rundfunk.de; http:\/\/blog.agra-rundfunk.de<\/p>\n<p>Die AGRA ist die Arbeitsgemeinschaft der \u00f6ffentlich-rechtlichen Redakteursaussch\u00fcsse (ARD, ZDF, Deutschlandradio und Deutsche Welle). Die Redakteursaussch\u00fcsse sind jeweils gew\u00e4hlte Vertreter der Redakteure und setzen sich f\u00fcr die innere und \u00e4u\u00dfere Pressefreiheit ein. Die Redakteursmitwirkung im \u00f6ffentlich-rechtlichen Rundfunk wurde vom Bundesverfassungsgericht best\u00e4tigt und ist in mehreren Bundesl\u00e4ndern gesetzlich festgeschrieben.<\/p>\n","protected":false},"excerpt":{"rendered":"<p>Die Aggression und auch die Zahl der \u00dcbergriffe auf Reporterteams bei Demonstrationen und anderen Eins\u00e4tzen steigen. Das k\u00f6nnen wir nicht weiter hinnehmen. Jeder \u00dcbergriff ist auch ein Angriff auf die Presse- und Rundfunkfreiheit. Deshalb fordern wir von Sicherheitsbeh\u00f6rden und der Politik konkrete Ma\u00dfnahmen zum Schutz unserer Kolleg*innen &#8211; selbstverst\u00e4ndlich auch der Journalist*innen der privaten Medien. &hellip; <\/p>\n<p class=\"link-more\"><a href=\"http:\/\/www.agra-rundfunk.de\/wordpress\/?p=822\" class=\"more-link\"><span class=\"screen-reader-text\">\u201eAufruf: Sch\u00fctzt unsere Reporterinnen und Reporter und ihre Teams!\u201c<\/span> weiterlesen<\/a><\/p>\n","protected":false},"author":8,"featured_media":0,"comment_status":"open","ping_status":"open","sticky":false,"template":"","format":"standard","meta":{"jetpack_post_was_ever_published":false,"_jetpack_newsletter_access":"","_jetpack_dont_email_post_to_subs":false,"_jetpack_newsletter_tier_id":0,"_jetpack_memberships_contains_paywalled_content":false,"_jetpack_memberships_contains_paid_content":false,"footnotes":"","jetpack_publicize_message":"","jetpack_publicize_feature_enabled":true,"jetpack_social_post_already_shared":true,"jetpack_social_options":{"image_generator_settings":{"template":"highway","default_image_id":0,"font":"","enabled":false},"version":2}},"categories":[1],"tags":[],"class_list":["post-822","post","type-post","status-publish","format-standard","hentry","category-uncategorized","entry"],"jetpack_publicize_connections":[],"jetpack_featured_media_url":"","jetpack_sharing_enabled":true,"jetpack_shortlink":"https:\/\/wp.me\/p5x4SE-dg","_links":{"self":[{"href":"http:\/\/www.agra-rundfunk.de\/wordpress\/index.php?rest_route=\/wp\/v2\/posts\/822","targetHints":{"allow":["GET"]}}],"collection":[{"href":"http:\/\/www.agra-rundfunk.de\/wordpress\/index.php?rest_route=\/wp\/v2\/posts"}],"about":[{"href":"http:\/\/www.agra-rundfunk.de\/wordpress\/index.php?rest_route=\/wp\/v2\/types\/post"}],"author":[{"embeddable":true,"href":"http:\/\/www.agra-rundfunk.de\/wordpress\/index.php?rest_route=\/wp\/v2\/users\/8"}],"replies":[{"embeddable":true,"href":"http:\/\/www.agra-rundfunk.de\/wordpress\/index.php?rest_route=%2Fwp%2Fv2%2Fcomments&post=822"}],"version-history":[{"count":3,"href":"http:\/\/www.agra-rundfunk.de\/wordpress\/index.php?rest_route=\/wp\/v2\/posts\/822\/revisions"}],"predecessor-version":[{"id":829,"href":"http:\/\/www.agra-rundfunk.de\/wordpress\/index.php?rest_route=\/wp\/v2\/posts\/822\/revisions\/829"}],"wp:attachment":[{"href":"http:\/\/www.agra-rundfunk.de\/wordpress\/index.php?rest_route=%2Fwp%2Fv2%2Fmedia&parent=822"}],"wp:term":[{"taxonomy":"category","embeddable":true,"href":"http:\/\/www.agra-rundfunk.de\/wordpress\/index.php?rest_route=%2Fwp%2Fv2%2Fcategories&post=822"},{"taxonomy":"post_tag","embeddable":true,"href":"http:\/\/www.agra-rundfunk.de\/wordpress\/index.php?rest_route=%2Fwp%2Fv2%2Ftags&post=822"}],"curies":[{"name":"wp","href":"https:\/\/api.w.org\/{rel}","templated":true}]}}