{"id":810,"date":"2021-02-12T10:38:02","date_gmt":"2021-02-12T09:38:02","guid":{"rendered":"http:\/\/www.agra-rundfunk.de\/wordpress\/?p=810"},"modified":"2021-02-12T11:17:41","modified_gmt":"2021-02-12T10:17:41","slug":"agra-fordert-nachbesserungen-im-neuen-mdr-staatsvertrag","status":"publish","type":"post","link":"http:\/\/www.agra-rundfunk.de\/wordpress\/?p=810","title":{"rendered":"Keine Einflussm\u00f6glichkeiten durch die &#8222;Hintert\u00fcr&#8220;! AGRA fordert Nachbesserungen im neuen MDR-Staatsvertrag"},"content":{"rendered":"<p>Der Beirat der Intendantin des MDR sieht die journalistische Unabh\u00e4ngigkeit und die innere Pressefreiheit im MDR in Gefahr. Der neu ausgehandelte Staatsvertrag k\u00f6nnte es erm\u00f6glichen, dass Regierungsmitglieder Einfluss auf den Sender und damit auch auf das Programm nehmen.<\/p>\n<p>Die Arbeitsgemeinschaft der \u00f6ffentlich-rechtlichen Redaktionsaussch\u00fcsse (AGRA) teilt diese Sorge und unterst\u00fctzt die Forderungen der MDR-Kolleg*innen, die sich in einem Brief an die Landtagsabgeordneten der drei L\u00e4nder gewandt haben.<\/p>\n<p><a href=\"http:\/\/www.agra-rundfunk.de\/wordpress\/wp-content\/uploads\/2021\/02\/210204-Erklaerung-des-MDR-Beirats-der-Intendantin-zum-neuen-MDR-Staatsver....pdf\" target=\"_blank\" rel=\"noopener noreferrer\">Der Brief des MDR-Beirats der Intendantin zum Staatsvertrag<\/a><\/p>\n<p>Der politische Einfluss muss so gering wie m\u00f6glich gehalten werden, um die Unabh\u00e4ngigkeit der \u00f6ffentlich-rechtlichen Sender zu gew\u00e4hrleisten. Das ist auch eine Forderung, die das Bundesverfassungsgericht in mehreren Urteilen deutlich erhoben hat. Der neue Staatsvertrag l\u00f6st dies aus Sicht der AGRA nicht ein: Einflussm\u00f6glichkeiten durch die \u201eHintert\u00fcr\u201c vertragen sich nicht mit dem Grundsatz der Unabh\u00e4ngigkeit.<\/p>\n<h1>Redakteursvertretung fehlt im Staatsvertrag<\/h1>\n<p>Mit gro\u00dfem Unverst\u00e4ndnis nimmt die AGRA zur Kenntnis, dass in dem Staatsvertrag keine Regelungen f\u00fcr die Errichtung einer Redakteursvertretung vorgesehen sind. Gerade die Vertretung der Programmgestalter*innen ist ein Garant f\u00fcr die innere Pressefreiheit und die Unabh\u00e4ngigkeit von politischem Einfluss. Die AGRA fordert die Abgeordneten von Sachsen, Sachsen-Anhalt und Th\u00fcringen auf, die Einsetzung einer Redakteursvertretung mit umfassenden Rechten und Pflichten im Staatsvertrag festzuschreiben. Die AGRA fordert schon seit langem gesetzlich verankerte Redaktionsvertretungen; au\u00dfer beim MDR fehlen diese noch beim BR und dem ZDF.<\/p>\n<p>Zudem sind die Mitwirkungsrechte der Freien Kolleg*innen in dem Staatsvertrag nicht ausreichend gew\u00fcrdigt: Sie werden weiterhin nicht durch den Personalrat vertreten und k\u00f6nnen sich stattdessen nur in einer Freienvertretung organisieren. Diese Regelung trifft vor allem journalistisch t\u00e4tige Kolleg*innen und entspricht nicht den Grunds\u00e4tzen einer modernen Arbeitnehmervertretung, weil sie diese Kolleg*innen nicht ausreichend sch\u00fctzt.<\/p>\n<p>_____________________<\/p>\n<p>AGRA \u2013 Arbeitsgemeinschaft der \u00f6ffentlich-rechtlichen Redakteursaussch\u00fcsse<\/p>\n<p>Sprecher: Hubert Krech (ZDF), Julius Heeke (Radio Bremen), Gabi Probst (RBB)<\/p>\n<p>Kontakt: sprecher@agra-rundfunk.de; http:\/\/blog.agra-rundfunk.de<\/p>\n<p>Die AGRA ist die Arbeitsgemeinschaft der \u00f6ffentlich-rechtlichen Redakteursaussch\u00fcsse (ARD, ZDF, Deutschlandradio und Deutsche Welle). Die Redakteursaussch\u00fcsse sind jeweils gew\u00e4hlte Vertreter der Redakteure und setzen sich f\u00fcr die innere und \u00e4u\u00dfere Pressefreiheit ein. Die Redakteursmitwirkung im \u00f6ffentlich-rechtlichen Rundfunk wurde vom Bundesverfassungsgericht best\u00e4tigt und ist in mehreren Bundesl\u00e4ndern gesetzlich festgeschrieben.<\/p>\n","protected":false},"excerpt":{"rendered":"<p>Der Beirat der Intendantin des MDR sieht die journalistische Unabh\u00e4ngigkeit und die innere Pressefreiheit im MDR in Gefahr. Der neu ausgehandelte Staatsvertrag k\u00f6nnte es erm\u00f6glichen, dass Regierungsmitglieder Einfluss auf den Sender und damit auch auf das Programm nehmen. Die Arbeitsgemeinschaft der \u00f6ffentlich-rechtlichen Redaktionsaussch\u00fcsse (AGRA) teilt diese Sorge und unterst\u00fctzt die Forderungen der MDR-Kolleg*innen, die sich &hellip; <\/p>\n<p class=\"link-more\"><a href=\"http:\/\/www.agra-rundfunk.de\/wordpress\/?p=810\" class=\"more-link\"><span class=\"screen-reader-text\">\u201eKeine Einflussm\u00f6glichkeiten durch die &#8222;Hintert\u00fcr&#8220;! AGRA fordert Nachbesserungen im neuen MDR-Staatsvertrag\u201c<\/span> weiterlesen<\/a><\/p>\n","protected":false},"author":8,"featured_media":0,"comment_status":"open","ping_status":"open","sticky":false,"template":"","format":"standard","meta":{"jetpack_post_was_ever_published":false,"_jetpack_newsletter_access":"","_jetpack_dont_email_post_to_subs":false,"_jetpack_newsletter_tier_id":0,"_jetpack_memberships_contains_paywalled_content":false,"_jetpack_memberships_contains_paid_content":false,"footnotes":"","jetpack_publicize_message":"","jetpack_publicize_feature_enabled":true,"jetpack_social_post_already_shared":true,"jetpack_social_options":{"image_generator_settings":{"template":"highway","default_image_id":0,"font":"","enabled":false},"version":2}},"categories":[1],"tags":[],"class_list":["post-810","post","type-post","status-publish","format-standard","hentry","category-uncategorized","entry"],"jetpack_publicize_connections":[],"jetpack_featured_media_url":"","jetpack_sharing_enabled":true,"jetpack_shortlink":"https:\/\/wp.me\/p5x4SE-d4","_links":{"self":[{"href":"http:\/\/www.agra-rundfunk.de\/wordpress\/index.php?rest_route=\/wp\/v2\/posts\/810","targetHints":{"allow":["GET"]}}],"collection":[{"href":"http:\/\/www.agra-rundfunk.de\/wordpress\/index.php?rest_route=\/wp\/v2\/posts"}],"about":[{"href":"http:\/\/www.agra-rundfunk.de\/wordpress\/index.php?rest_route=\/wp\/v2\/types\/post"}],"author":[{"embeddable":true,"href":"http:\/\/www.agra-rundfunk.de\/wordpress\/index.php?rest_route=\/wp\/v2\/users\/8"}],"replies":[{"embeddable":true,"href":"http:\/\/www.agra-rundfunk.de\/wordpress\/index.php?rest_route=%2Fwp%2Fv2%2Fcomments&post=810"}],"version-history":[{"count":9,"href":"http:\/\/www.agra-rundfunk.de\/wordpress\/index.php?rest_route=\/wp\/v2\/posts\/810\/revisions"}],"predecessor-version":[{"id":820,"href":"http:\/\/www.agra-rundfunk.de\/wordpress\/index.php?rest_route=\/wp\/v2\/posts\/810\/revisions\/820"}],"wp:attachment":[{"href":"http:\/\/www.agra-rundfunk.de\/wordpress\/index.php?rest_route=%2Fwp%2Fv2%2Fmedia&parent=810"}],"wp:term":[{"taxonomy":"category","embeddable":true,"href":"http:\/\/www.agra-rundfunk.de\/wordpress\/index.php?rest_route=%2Fwp%2Fv2%2Fcategories&post=810"},{"taxonomy":"post_tag","embeddable":true,"href":"http:\/\/www.agra-rundfunk.de\/wordpress\/index.php?rest_route=%2Fwp%2Fv2%2Ftags&post=810"}],"curies":[{"name":"wp","href":"https:\/\/api.w.org\/{rel}","templated":true}]}}