{"id":81,"date":"2011-02-02T13:48:30","date_gmt":"2011-02-02T12:48:30","guid":{"rendered":"http:\/\/blog.agra-rundfunk.de\/?p=81"},"modified":"2011-02-02T13:48:30","modified_gmt":"2011-02-02T12:48:30","slug":"erinnerung-an-fritz-raff","status":"publish","type":"post","link":"http:\/\/www.agra-rundfunk.de\/wordpress\/?p=81","title":{"rendered":"Erinnerung an Fritz Raff"},"content":{"rendered":"<p>Auch uns in der AGRA hat die Nachricht vom Tode Fritz Raffs ersch\u00fcttert. Wir trauern um den vom Journalismus gepr\u00e4gten Intendanten des Saarl\u00e4ndischen Rundfunks. Ihm lag ein am Gemeinwohl orientierter \u00f6ffentlich-rechtlicher Rundfunk am Herzen. Fritz Raff legte gro\u00dfen Wert auf journalistische Qualit\u00e4t und verga\u00df auch niemals, diese einzufordern. Obwohl ihn seine schwere Krankheit schon gezeichnet hatte, nahm er sich die Zeit, im Sommer 2010 an einem unserer AGRA-Treffen teilzunehmen und aktiv mitzudiskutieren: souver\u00e4n, humorvoll, einnehmend, mit umfassendem Wissen und mit leidenschaftlichem Pl\u00e4doyer f\u00fcr Solidarit\u00e4t innerhalb der ARD. Sein Eintreten auch f\u00fcr die Rolle der freien Mitarbeiter war vorbildlich. Wir werden Ihn und sein Engagement f\u00fcr den \u00f6ffentlich-rechtlichen Rundfunk vermissen.<\/p>\n","protected":false},"excerpt":{"rendered":"<p>Auch uns in der AGRA hat die Nachricht vom Tode Fritz Raffs ersch\u00fcttert. Wir trauern um den vom Journalismus gepr\u00e4gten Intendanten des Saarl\u00e4ndischen Rundfunks. Ihm lag ein am Gemeinwohl orientierter \u00f6ffentlich-rechtlicher Rundfunk am Herzen. Fritz Raff legte gro\u00dfen Wert auf journalistische Qualit\u00e4t und verga\u00df auch niemals, diese einzufordern. Obwohl ihn seine schwere Krankheit schon gezeichnet &hellip; <\/p>\n<p class=\"link-more\"><a href=\"http:\/\/www.agra-rundfunk.de\/wordpress\/?p=81\" class=\"more-link\"><span class=\"screen-reader-text\">\u201eErinnerung an Fritz Raff\u201c<\/span> weiterlesen<\/a><\/p>\n","protected":false},"author":3,"featured_media":0,"comment_status":"open","ping_status":"open","sticky":false,"template":"","format":"standard","meta":{"jetpack_post_was_ever_published":false,"_jetpack_newsletter_access":"","_jetpack_dont_email_post_to_subs":false,"_jetpack_newsletter_tier_id":0,"_jetpack_memberships_contains_paywalled_content":false,"_jetpack_memberships_contains_paid_content":false,"footnotes":"","jetpack_publicize_message":"","jetpack_publicize_feature_enabled":true,"jetpack_social_post_already_shared":false,"jetpack_social_options":{"image_generator_settings":{"template":"highway","default_image_id":0,"font":"","enabled":false},"version":2}},"categories":[15],"tags":[],"class_list":["post-81","post","type-post","status-publish","format-standard","hentry","category-sr","entry"],"jetpack_publicize_connections":[],"jetpack_featured_media_url":"","jetpack_sharing_enabled":true,"jetpack_shortlink":"https:\/\/wp.me\/p5x4SE-1j","_links":{"self":[{"href":"http:\/\/www.agra-rundfunk.de\/wordpress\/index.php?rest_route=\/wp\/v2\/posts\/81","targetHints":{"allow":["GET"]}}],"collection":[{"href":"http:\/\/www.agra-rundfunk.de\/wordpress\/index.php?rest_route=\/wp\/v2\/posts"}],"about":[{"href":"http:\/\/www.agra-rundfunk.de\/wordpress\/index.php?rest_route=\/wp\/v2\/types\/post"}],"author":[{"embeddable":true,"href":"http:\/\/www.agra-rundfunk.de\/wordpress\/index.php?rest_route=\/wp\/v2\/users\/3"}],"replies":[{"embeddable":true,"href":"http:\/\/www.agra-rundfunk.de\/wordpress\/index.php?rest_route=%2Fwp%2Fv2%2Fcomments&post=81"}],"version-history":[{"count":1,"href":"http:\/\/www.agra-rundfunk.de\/wordpress\/index.php?rest_route=\/wp\/v2\/posts\/81\/revisions"}],"predecessor-version":[{"id":82,"href":"http:\/\/www.agra-rundfunk.de\/wordpress\/index.php?rest_route=\/wp\/v2\/posts\/81\/revisions\/82"}],"wp:attachment":[{"href":"http:\/\/www.agra-rundfunk.de\/wordpress\/index.php?rest_route=%2Fwp%2Fv2%2Fmedia&parent=81"}],"wp:term":[{"taxonomy":"category","embeddable":true,"href":"http:\/\/www.agra-rundfunk.de\/wordpress\/index.php?rest_route=%2Fwp%2Fv2%2Fcategories&post=81"},{"taxonomy":"post_tag","embeddable":true,"href":"http:\/\/www.agra-rundfunk.de\/wordpress\/index.php?rest_route=%2Fwp%2Fv2%2Ftags&post=81"}],"curies":[{"name":"wp","href":"https:\/\/api.w.org\/{rel}","templated":true}]}}