{"id":791,"date":"2020-12-08T12:26:10","date_gmt":"2020-12-08T11:26:10","guid":{"rendered":"http:\/\/www.agra-rundfunk.de\/wordpress\/?p=791"},"modified":"2020-12-08T20:00:47","modified_gmt":"2020-12-08T19:00:47","slug":"gravierender-eingriff-in-die-rundfunkfreiheit","status":"publish","type":"post","link":"http:\/\/www.agra-rundfunk.de\/wordpress\/?p=791","title":{"rendered":"Gravierender Eingriff in die Rundfunkfreiheit"},"content":{"rendered":"<p>Wir sind entsetzt, dass die Erh\u00f6hung des Rundfunkbeitrags heute aufgrund von parteitaktischen Man\u00f6vern gestoppt wurde. Wir respektieren selbstverst\u00e4ndlich parlamentarische Prozesse, dieser Vorgang ist jedoch ein gravierender Eingriff in die Rundfunkfreiheit.<\/p>\n<p>Der Medienstaatsvertrag ist ordnungsgem\u00e4\u00df nach den verfassungsrechtlichen Vorgaben entstanden. Das Bundesverfassungsgericht hat die Staatsferne des Rundfunks stets als hohes Gut und Grundlage der Demokratie bezeichnet. Einer Einmischung in Programmfragen treten wir entschieden entgegen. Der \u00f6ffentlich-rechtliche Rundfunk lebt von Meinungsvielfalt und Vertrauen. Beides darf nicht gef\u00e4hrdet werden.<\/p>\n<p>Gerade in einer Zeit, in der Fake-News und gezielte Falschinformationen die Meinungsbildung beeinflussen, m\u00fcssen ARD, ZDF und Deutschlandradio gest\u00e4rkt werden, um die Menschen mit unabh\u00e4ngiger und wahrheitsgetreuer Berichterstattung aus allen Teilen der Bundesrepublik und der Welt zu informieren.<\/p>\n<p>Unsere Kolleginnen und Kollegen arbeiten jeden Tag mit vollem Einsatz an der Erf\u00fcllung dieser Aufgabe. Die bisherigen Sparma\u00dfnahmen in einigen Anstalten haben teilweise schon zu gro\u00dfen Engp\u00e4ssen gef\u00fchrt. Es ist zu bef\u00fcrchten, dass im Falle eines endg\u00fcltigen Scheiterns der Anhebung des Beitrags der Umfang an qualitativ hochwertigen Angeboten nicht aufrecht erhalten werden kann.<\/p>\n<p>_____________________<\/p>\n<p>AGRA \u2013 Arbeitsgemeinschaft der \u00f6ffentlich-rechtlichen Redakteursaussch\u00fcsse<\/p>\n<p>Sprecher: Hubert Krech (ZDF), Julius Heeke (Radio Bremen), Gabi Probst (RBB)<\/p>\n<p>Kontakt: sprecher@agra-rundfunk.de; http:\/\/blog.agra-rundfunk.de<\/p>\n<p>Die AGRA ist die Arbeitsgemeinschaft der \u00f6ffentlich-rechtlichen Redakteursaussch\u00fcsse (ARD, ZDF, Deutschlandradio und Deutsche Welle). Die Redakteursaussch\u00fcsse sind jeweils gew\u00e4hlte Vertreter der Redakteure und setzen sich f\u00fcr die innere und \u00e4u\u00dfere Pressefreiheit ein. Die Redakteursmitwirkung im \u00f6ffentlich-rechtlichen Rundfunk wurde vom Bundesverfassungsgericht best\u00e4tigt und ist in mehreren Bundesl\u00e4ndern gesetzlich festgeschrieben.<\/p>\n<p>&nbsp;<\/p>\n<p>&nbsp;<\/p>\n","protected":false},"excerpt":{"rendered":"<p>Wir sind entsetzt, dass die Erh\u00f6hung des Rundfunkbeitrags heute aufgrund von parteitaktischen Man\u00f6vern gestoppt wurde. Wir respektieren selbstverst\u00e4ndlich parlamentarische Prozesse, dieser Vorgang ist jedoch ein gravierender Eingriff in die Rundfunkfreiheit. Der Medienstaatsvertrag ist ordnungsgem\u00e4\u00df nach den verfassungsrechtlichen Vorgaben entstanden. Das Bundesverfassungsgericht hat die Staatsferne des Rundfunks stets als hohes Gut und Grundlage der Demokratie bezeichnet. &hellip; <\/p>\n<p class=\"link-more\"><a href=\"http:\/\/www.agra-rundfunk.de\/wordpress\/?p=791\" class=\"more-link\"><span class=\"screen-reader-text\">\u201eGravierender Eingriff in die Rundfunkfreiheit\u201c<\/span> weiterlesen<\/a><\/p>\n","protected":false},"author":8,"featured_media":0,"comment_status":"open","ping_status":"open","sticky":false,"template":"","format":"standard","meta":{"jetpack_post_was_ever_published":false,"_jetpack_newsletter_access":"","_jetpack_dont_email_post_to_subs":false,"_jetpack_newsletter_tier_id":0,"_jetpack_memberships_contains_paywalled_content":false,"_jetpack_memberships_contains_paid_content":false,"footnotes":"","jetpack_publicize_message":"","jetpack_publicize_feature_enabled":true,"jetpack_social_post_already_shared":true,"jetpack_social_options":{"image_generator_settings":{"template":"highway","default_image_id":0,"font":"","enabled":false},"version":2}},"categories":[1],"tags":[],"class_list":["post-791","post","type-post","status-publish","format-standard","hentry","category-uncategorized","entry"],"jetpack_publicize_connections":[],"jetpack_featured_media_url":"","jetpack_sharing_enabled":true,"jetpack_shortlink":"https:\/\/wp.me\/p5x4SE-cL","_links":{"self":[{"href":"http:\/\/www.agra-rundfunk.de\/wordpress\/index.php?rest_route=\/wp\/v2\/posts\/791","targetHints":{"allow":["GET"]}}],"collection":[{"href":"http:\/\/www.agra-rundfunk.de\/wordpress\/index.php?rest_route=\/wp\/v2\/posts"}],"about":[{"href":"http:\/\/www.agra-rundfunk.de\/wordpress\/index.php?rest_route=\/wp\/v2\/types\/post"}],"author":[{"embeddable":true,"href":"http:\/\/www.agra-rundfunk.de\/wordpress\/index.php?rest_route=\/wp\/v2\/users\/8"}],"replies":[{"embeddable":true,"href":"http:\/\/www.agra-rundfunk.de\/wordpress\/index.php?rest_route=%2Fwp%2Fv2%2Fcomments&post=791"}],"version-history":[{"count":4,"href":"http:\/\/www.agra-rundfunk.de\/wordpress\/index.php?rest_route=\/wp\/v2\/posts\/791\/revisions"}],"predecessor-version":[{"id":796,"href":"http:\/\/www.agra-rundfunk.de\/wordpress\/index.php?rest_route=\/wp\/v2\/posts\/791\/revisions\/796"}],"wp:attachment":[{"href":"http:\/\/www.agra-rundfunk.de\/wordpress\/index.php?rest_route=%2Fwp%2Fv2%2Fmedia&parent=791"}],"wp:term":[{"taxonomy":"category","embeddable":true,"href":"http:\/\/www.agra-rundfunk.de\/wordpress\/index.php?rest_route=%2Fwp%2Fv2%2Fcategories&post=791"},{"taxonomy":"post_tag","embeddable":true,"href":"http:\/\/www.agra-rundfunk.de\/wordpress\/index.php?rest_route=%2Fwp%2Fv2%2Ftags&post=791"}],"curies":[{"name":"wp","href":"https:\/\/api.w.org\/{rel}","templated":true}]}}