{"id":785,"date":"2020-12-07T19:29:52","date_gmt":"2020-12-07T18:29:52","guid":{"rendered":"http:\/\/www.agra-rundfunk.de\/wordpress\/?p=785"},"modified":"2020-12-07T19:29:52","modified_gmt":"2020-12-07T18:29:52","slug":"sicherung-des-oeffentlich-rechtlichen-rundfunks-nicht-durch-parteitaktische-manoever-gefaehrden","status":"publish","type":"post","link":"http:\/\/www.agra-rundfunk.de\/wordpress\/?p=785","title":{"rendered":"Sicherung des \u00f6ffentlich-rechtlichen Rundfunks nicht durch parteitaktische Man\u00f6ver gef\u00e4hrden"},"content":{"rendered":"<p>Der Programmbeirat des Mitteldeutschen Rundfunks hat heute an den Landtag von Sachsen-Anhalt und die dort vertretenen Fraktionen appelliert, der Erh\u00f6hung des Rundfunkbeitrags zuzustimmen. Wir unterst\u00fctzen diesen Brief (s.u. als Anhang) in vollem Umfang. Die Sicherung des \u00f6ffentlich-rechtlichen Rundfunks darf nicht durch parteitaktische \u00dcberlegungen gef\u00e4hrdet werden.<\/p>\n<p>Gerade in einer Zeit, in der Fake-News und gezielte Falschinformationen die Meinungsbildung beeinflussen, m\u00fcssen ARD, ZDF und Deutschlandradio gest\u00e4rkt werden, um die Menschen mit unabh\u00e4ngiger und wahrheitsgetreuer Berichterstattung aus allen Teilen der Bundesrepublik und der Welt zu informieren. Unsere Kolleginnen und Kollegen arbeiten jeden Tag mit vollem Einsatz an der Erf\u00fcllung dieser Aufgabe. Die bisherigen Sparma\u00dfnahmen in einigen Anstalten haben teilweise schon zu gro\u00dfen Engp\u00e4ssen gef\u00fchrt.<\/p>\n<p>Der Medienstaatsvertrag ist ordnungsgem\u00e4\u00df nach den verfassungsrechtlichen Vorgaben entstanden. Das Bundesverfassungsgericht hat die Staatsferne des Rundfunks stets als hohes Gut und Grundlage der Demokratie bezeichnet. Einmischung in Programmfragen sind Angriffe auf die Rundfunkfreiheit, denen wir entschieden entgegentreten. Der \u00f6ffentlich-rechtliche Rundfunk lebt von Meinungsvielfalt und Vertrauen. Beides darf nicht gef\u00e4hrdet werden.<\/p>\n<p>Gleichwohl sehen wir 30 Jahre nach der Deutschen Einheit bei der Berichterstattung aus Ostdeutschland teilweise Nachholbedarf. Wir begr\u00fc\u00dfen deshalb die Initiativen der Intendantinnen und Intendanten f\u00fcr das Kulturportal in Halle und die MDR-ZDF-Digitalagentur IDA in Erfurt und Leipzig. Wir appellieren an die Intendanten bei weiteren Standort- und Sendungsentscheidungen den Osten vorrangig zu behandeln.<\/p>\n<p>Anhang:<\/p>\n<p><a href=\"http:\/\/www.agra-rundfunk.de\/wordpress\/wp-content\/uploads\/2020\/12\/Erklaerung-des-Beirats-zum-Rundfunkbeitrag-Sachsen-Anhalt.pdf\">Erkl\u00e4rung des Beirats zum Rundfunkbeitrag Sachsen-Anhalt<\/a><\/p>\n<p>_____________________<\/p>\n<p>AGRA \u2013 Arbeitsgemeinschaft der \u00f6ffentlich-rechtlichen Redakteursaussch\u00fcsse<\/p>\n<p>Sprecher: Hubert Krech (ZDF), Julius Heeke (Radio Bremen), Gabi Probst (RBB)<\/p>\n<p>Kontakt: sprecher@agra-rundfunk.de; http:\/\/blog.agra-rundfunk.de<\/p>\n<p>Die AGRA ist die Arbeitsgemeinschaft der \u00f6ffentlich-rechtlichen Redakteursaussch\u00fcsse (ARD, ZDF, Deutschlandradio und Deutsche Welle). Die Redakteursaussch\u00fcsse sind jeweils gew\u00e4hlte Vertreter der Redakteure und setzen sich f\u00fcr die innere und \u00e4u\u00dfere Pressefreiheit ein. Die Redakteursmitwirkung im \u00f6ffentlich-rechtlichen Rundfunk wurde vom Bundesverfassungsgericht best\u00e4tigt und ist in mehreren Bundesl\u00e4ndern gesetzlich festgeschrieben.<\/p>\n","protected":false},"excerpt":{"rendered":"<p>Der Programmbeirat des Mitteldeutschen Rundfunks hat heute an den Landtag von Sachsen-Anhalt und die dort vertretenen Fraktionen appelliert, der Erh\u00f6hung des Rundfunkbeitrags zuzustimmen. Wir unterst\u00fctzen diesen Brief (s.u. als Anhang) in vollem Umfang. Die Sicherung des \u00f6ffentlich-rechtlichen Rundfunks darf nicht durch parteitaktische \u00dcberlegungen gef\u00e4hrdet werden. Gerade in einer Zeit, in der Fake-News und gezielte Falschinformationen &hellip; <\/p>\n<p class=\"link-more\"><a href=\"http:\/\/www.agra-rundfunk.de\/wordpress\/?p=785\" class=\"more-link\"><span class=\"screen-reader-text\">\u201eSicherung des \u00f6ffentlich-rechtlichen Rundfunks nicht durch parteitaktische Man\u00f6ver gef\u00e4hrden\u201c<\/span> weiterlesen<\/a><\/p>\n","protected":false},"author":8,"featured_media":0,"comment_status":"open","ping_status":"open","sticky":false,"template":"","format":"standard","meta":{"jetpack_post_was_ever_published":false,"_jetpack_newsletter_access":"","_jetpack_dont_email_post_to_subs":false,"_jetpack_newsletter_tier_id":0,"_jetpack_memberships_contains_paywalled_content":false,"_jetpack_memberships_contains_paid_content":false,"footnotes":"","jetpack_publicize_message":"","jetpack_publicize_feature_enabled":true,"jetpack_social_post_already_shared":true,"jetpack_social_options":{"image_generator_settings":{"template":"highway","default_image_id":0,"font":"","enabled":false},"version":2}},"categories":[1],"tags":[],"class_list":["post-785","post","type-post","status-publish","format-standard","hentry","category-uncategorized","entry"],"jetpack_publicize_connections":[],"jetpack_featured_media_url":"","jetpack_sharing_enabled":true,"jetpack_shortlink":"https:\/\/wp.me\/p5x4SE-cF","_links":{"self":[{"href":"http:\/\/www.agra-rundfunk.de\/wordpress\/index.php?rest_route=\/wp\/v2\/posts\/785","targetHints":{"allow":["GET"]}}],"collection":[{"href":"http:\/\/www.agra-rundfunk.de\/wordpress\/index.php?rest_route=\/wp\/v2\/posts"}],"about":[{"href":"http:\/\/www.agra-rundfunk.de\/wordpress\/index.php?rest_route=\/wp\/v2\/types\/post"}],"author":[{"embeddable":true,"href":"http:\/\/www.agra-rundfunk.de\/wordpress\/index.php?rest_route=\/wp\/v2\/users\/8"}],"replies":[{"embeddable":true,"href":"http:\/\/www.agra-rundfunk.de\/wordpress\/index.php?rest_route=%2Fwp%2Fv2%2Fcomments&post=785"}],"version-history":[{"count":3,"href":"http:\/\/www.agra-rundfunk.de\/wordpress\/index.php?rest_route=\/wp\/v2\/posts\/785\/revisions"}],"predecessor-version":[{"id":789,"href":"http:\/\/www.agra-rundfunk.de\/wordpress\/index.php?rest_route=\/wp\/v2\/posts\/785\/revisions\/789"}],"wp:attachment":[{"href":"http:\/\/www.agra-rundfunk.de\/wordpress\/index.php?rest_route=%2Fwp%2Fv2%2Fmedia&parent=785"}],"wp:term":[{"taxonomy":"category","embeddable":true,"href":"http:\/\/www.agra-rundfunk.de\/wordpress\/index.php?rest_route=%2Fwp%2Fv2%2Fcategories&post=785"},{"taxonomy":"post_tag","embeddable":true,"href":"http:\/\/www.agra-rundfunk.de\/wordpress\/index.php?rest_route=%2Fwp%2Fv2%2Ftags&post=785"}],"curies":[{"name":"wp","href":"https:\/\/api.w.org\/{rel}","templated":true}]}}