{"id":740,"date":"2020-05-01T20:59:34","date_gmt":"2020-05-01T19:59:34","guid":{"rendered":"http:\/\/www.agra-rundfunk.de\/wordpress\/?p=740"},"modified":"2020-05-01T20:59:34","modified_gmt":"2020-05-01T19:59:34","slug":"oeffentlich-rechtliche-journalistinnen-verurteilen-angriff-auf-zdf-team","status":"publish","type":"post","link":"http:\/\/www.agra-rundfunk.de\/wordpress\/?p=740","title":{"rendered":"\u00d6ffentlich-rechtliche JournalistInnen verurteilen Angriff auf ZDF-Team"},"content":{"rendered":"<p>Der t\u00e4tliche Angriff auf das ZDF-Team in Berlin am heutigen Freitag ist absolut inakzeptabel! Die Tat ist ein Schlag gegen die Presse- und Meinungsfreiheit. Die Redakteursaussch\u00fcsse von ARD, ZDF und Deutschlandradio verurteilen den Angriff aufs sch\u00e4rfste.<\/p>\r\n<p>Am 1. Mai kam es nach Polizeiangaben in Berlin zu einem Angriff mehrerer Personen auf ein Kamerateam des ZDF, das einen Beitrag f\u00fcr die \u201eheute-show\u201c drehen wollte. Mehrere Menschen seien verletzt worden.<\/p>\r\n<p>Unsere Reporterteams sind weltweit unterwegs, um die Menschen \u00fcber Ereignisse und Entwicklungen zu informieren. Auch Satiresendungen wie die heute-show geh\u00f6ren zum Auftrag der Meinungsbildung.<\/p>\r\n<p>Wir Journalistinnen und Journalisten aller \u00f6ffentlich-rechtlicher Sender sind solidarisch mit unseren Kolleginnen und Kollegen, die angegriffen wurden und w\u00fcnschen ihnen eine schnelle und umfassende Genesung.<\/p>\r\n<p>Wir fordern f\u00fcr alle Journalisten einen umfassenden Schutz durch die zust\u00e4ndigen Beh\u00f6rden und Einrichtungen. Einsch\u00fcchterungsversuche, Gewaltandrohungen und t\u00e4tliche Angriffe sind Versuche, die Pressefreiheit einzuschr\u00e4nken. Dem muss auf allen Ebenen entgegengetreten werden.<\/p>\r\n<p>Als Journalisten stehen wir verst\u00e4rkt in der Kritik \u2013 das ist auch gut so! Die Kritik muss aber immer sachlich, friedlich und auf der Basis von Fakten ge\u00e4u\u00dfert werden.<\/p>\r\n<p>______________<\/p>\r\n<!-- \/wp:paragraph -->\r\n\r\n<!-- wp:paragraph -->\r\n<p>AGRA \u2013 Arbeitsgemeinschaft der \u00f6ffentlich-rechtlichen Redakteursaussch\u00fcsse<\/p>\r\n<!-- \/wp:paragraph -->\r\n\r\n<!-- wp:paragraph -->\r\n<p>Sprecher: Hubert Krech (ZDF), Julius Heeke (Radio Bremen), Gabi Probst (RBB)<\/p>\r\n<!-- \/wp:paragraph -->\r\n\r\n<!-- wp:paragraph -->\r\n<p>Kontakt: sprecher@agra-rundfunk.de; http:\/\/blog.agra-rundfunk.de<\/p>\r\n<!-- \/wp:paragraph -->\r\n\r\n<!-- wp:paragraph -->\r\n<p>Die AGRA ist die Arbeitsgemeinschaft der \u00f6ffentlich-rechtlichen Redakteursaussch\u00fcsse (ARD, ZDF, Deutschlandradio und Deutsche Welle). Die Redakteursaussch\u00fcsse sind jeweils gew\u00e4hlte Vertreter der Redakteure und setzen sich f\u00fcr die innere und \u00e4u\u00dfere Pressefreiheit ein. Die Redakteursmitwirkung im \u00f6ffentlich-rechtlichen Rundfunk wurde vom Bundesverfassungsgericht best\u00e4tigt und ist in mehreren Bundesl\u00e4ndern gesetzlich festgeschrieben.<\/p>","protected":false},"excerpt":{"rendered":"<p>Der t\u00e4tliche Angriff auf das ZDF-Team in Berlin am heutigen Freitag ist absolut inakzeptabel! Die Tat ist ein Schlag gegen die Presse- und Meinungsfreiheit. Die Redakteursaussch\u00fcsse von ARD, ZDF und Deutschlandradio verurteilen den Angriff aufs sch\u00e4rfste. Am 1. Mai kam es nach Polizeiangaben in Berlin zu einem Angriff mehrerer Personen auf ein Kamerateam des ZDF, &hellip; <\/p>\n<p class=\"link-more\"><a href=\"http:\/\/www.agra-rundfunk.de\/wordpress\/?p=740\" class=\"more-link\"><span class=\"screen-reader-text\">\u201e\u00d6ffentlich-rechtliche JournalistInnen verurteilen Angriff auf ZDF-Team\u201c<\/span> weiterlesen<\/a><\/p>\n","protected":false},"author":8,"featured_media":0,"comment_status":"open","ping_status":"open","sticky":false,"template":"","format":"standard","meta":{"jetpack_post_was_ever_published":false,"_jetpack_newsletter_access":"","_jetpack_dont_email_post_to_subs":false,"_jetpack_newsletter_tier_id":0,"_jetpack_memberships_contains_paywalled_content":false,"_jetpack_memberships_contains_paid_content":false,"footnotes":"","jetpack_publicize_message":"","jetpack_publicize_feature_enabled":true,"jetpack_social_post_already_shared":true,"jetpack_social_options":{"image_generator_settings":{"template":"highway","default_image_id":0,"font":"","enabled":false},"version":2}},"categories":[1],"tags":[],"class_list":["post-740","post","type-post","status-publish","format-standard","hentry","category-uncategorized","entry"],"jetpack_publicize_connections":[],"jetpack_featured_media_url":"","jetpack_sharing_enabled":true,"jetpack_shortlink":"https:\/\/wp.me\/p5x4SE-bW","_links":{"self":[{"href":"http:\/\/www.agra-rundfunk.de\/wordpress\/index.php?rest_route=\/wp\/v2\/posts\/740","targetHints":{"allow":["GET"]}}],"collection":[{"href":"http:\/\/www.agra-rundfunk.de\/wordpress\/index.php?rest_route=\/wp\/v2\/posts"}],"about":[{"href":"http:\/\/www.agra-rundfunk.de\/wordpress\/index.php?rest_route=\/wp\/v2\/types\/post"}],"author":[{"embeddable":true,"href":"http:\/\/www.agra-rundfunk.de\/wordpress\/index.php?rest_route=\/wp\/v2\/users\/8"}],"replies":[{"embeddable":true,"href":"http:\/\/www.agra-rundfunk.de\/wordpress\/index.php?rest_route=%2Fwp%2Fv2%2Fcomments&post=740"}],"version-history":[{"count":3,"href":"http:\/\/www.agra-rundfunk.de\/wordpress\/index.php?rest_route=\/wp\/v2\/posts\/740\/revisions"}],"predecessor-version":[{"id":743,"href":"http:\/\/www.agra-rundfunk.de\/wordpress\/index.php?rest_route=\/wp\/v2\/posts\/740\/revisions\/743"}],"wp:attachment":[{"href":"http:\/\/www.agra-rundfunk.de\/wordpress\/index.php?rest_route=%2Fwp%2Fv2%2Fmedia&parent=740"}],"wp:term":[{"taxonomy":"category","embeddable":true,"href":"http:\/\/www.agra-rundfunk.de\/wordpress\/index.php?rest_route=%2Fwp%2Fv2%2Fcategories&post=740"},{"taxonomy":"post_tag","embeddable":true,"href":"http:\/\/www.agra-rundfunk.de\/wordpress\/index.php?rest_route=%2Fwp%2Fv2%2Ftags&post=740"}],"curies":[{"name":"wp","href":"https:\/\/api.w.org\/{rel}","templated":true}]}}