{"id":667,"date":"2019-10-22T22:00:41","date_gmt":"2019-10-22T21:00:41","guid":{"rendered":"http:\/\/www.agra-rundfunk.de\/wordpress\/?p=667"},"modified":"2019-10-23T09:55:45","modified_gmt":"2019-10-23T08:55:45","slug":"mindeststandards-fuer-pressefreiheit","status":"publish","type":"post","link":"http:\/\/www.agra-rundfunk.de\/wordpress\/?p=667","title":{"rendered":"Mindeststandards f\u00fcr Pressefreiheit"},"content":{"rendered":"\n<h2 class=\"wp-block-heading\">&#8222;Wiener Erkl\u00e4rung&#8220;: Redaktionsvertretungen aus Deutschland, \u00d6sterreich und der Schweiz setzen Ma\u00dfst\u00e4be<\/h2>\n\n\n\n<p>Die Redaktionsvertretungen von ARD, ZDF, Deutschlandradio und Deutsche\nWelle (AGRA), der ORF-Redakteursrat und KollegInnen von der Schweizer SRG\nvereinbarten bei ihrer Herbst-Tagung in Wien eine weitreichende Kooperation.\nErstes konkretes Ergebnis ist ein l\u00e4nder\u00fcbergreifendes Muster-Statut f\u00fcr die\nRedaktionen der deutschsprachigen \u00f6ffentlich-rechtlichen Sender. Es enth\u00e4lt\nEckpunkte zur Sicherung der journalistischen Unabh\u00e4ngigkeit, die in einigen\nL\u00e4ndern Europas massiv unter Druck geraten ist.<\/p>\n\n\n\n<p>&#8222;Mit diesem Musterstatut setzen wir l\u00e4nder\u00fcbergreifende, einheitliche\nMa\u00dfst\u00e4be f\u00fcr die unabh\u00e4ngige Berichterstattung in unseren Sendern. Es sch\u00fctzt\ndie journalistische Arbeit unserer Kolleginnen und Kollegen vor unzul\u00e4ssigen Eingriffen\u201c,\nso AGRA-Sprecher Hubert Krech.<\/p>\n\n\n\n<p>Zweck eines Redaktionsstatuts ist es, f\u00fcr eine demokratisch verfasste\nGesellschaft die Rundfunkfreiheit \u00f6ffentlich-rechtlicher Sender zu wahren und\ngegen Eingriffe von innen und au\u00dfen zu sch\u00fctzen. Das Redaktionsstatut regelt\ndie Rechte und Pflichten der journalistischen Mitarbeiterinnen und Mitarbeiter\nund wird mit der Gesch\u00e4ftsf\u00fchrung vereinbart.<\/p>\n\n\n\n<p>&#8222;Versuche politischer Einflussnahme und Angriffe auf die\nUnabh\u00e4ngigkeit sind abzuwehren. Es geht um die Glaubw\u00fcrdigkeit der\nBerichterstattung&#8220;, erg\u00e4nzt Dieter Bornemann, Vorsitzender des ORF-Redakteursrates.\n&#8222;Das gilt f\u00fcr Deutschland, Schweiz und \u00d6sterreich gleicherma\u00dfen.&#8220;<\/p>\n\n\n\n<p>In der Schweiz stimmte die Bev\u00f6lkerung letztes Jahr deutlich gegen eine\nInitiative, die die Abschaffung der Rundfunkgeb\u00fchren verlangte. Priscilla\nImboden, Vertreterin der Medienschaffenden der SRG: &#8222;Die\n\u00f6ffentlich-rechtlichen Medienh\u00e4user k\u00e4mpfen europaweit mit \u00e4hnlichen\nHerausforderungen. Austausch und Zusammenarbeit sind unerl\u00e4sslich zur St\u00e4rkung\nder Pressefreiheit.&#8220;<\/p>\n\n\n\n<p>AGRA und Redakteursvertreter von ORF und SRG streben weitere Kooperationen mit \u00f6ffentlich-rechtlichen Sendern in Europa an.<\/p>\n\n\n\n<p>Das Muster-Statut f\u00fcr die Redaktionen steht zum Download bereit:  <\/p>\n\n\n\n<div class=\"wp-block-file\"><a href=\"http:\/\/www.agra-rundfunk.de\/wordpress\/wp-content\/uploads\/2019\/10\/Muster-Redaktionsstatut.pdf\">Muster-Redaktionsstatut<\/a><a href=\"http:\/\/www.agra-rundfunk.de\/wordpress\/wp-content\/uploads\/2019\/10\/Muster-Redaktionsstatut.pdf\" class=\"wp-block-file__button\" download>Herunterladen<\/a><\/div>\n\n\n\n<p>________________<\/p>\n\n\n\n<p><strong>AnsprechpartnerInnen<\/strong> in Deutschland, \u00d6sterreich und der Schweiz:<br><\/p>\n\n\n\n<ul class=\"wp-block-list\"><li>Arbeitsgemeinschaft der \u00f6ffentlich-rechtlichen Redakteursaussch\u00fcsse (AGRA), Hubert Krech (ZDF), Julius Heeke (Radio Bremen), Gabi Probst (RBB), Sprecher@agra-rundfunk.de<\/li><\/ul>\n\n\n\n<ul class=\"wp-block-list\"><li>ORF, Dieter Bornemann, Vorsitzender des Redakteursrates, dieter.bornemann@orf.at<\/li><\/ul>\n\n\n\n<ul class=\"wp-block-list\"><li>Schweizer Syndikat Medienschaffender SSM, Priscilla Imboden, SRG, priscilla.imboden@srf.ch<\/li><\/ul>\n\n\n\n<p> ________________ <\/p>\n\n\n\n<p>Die AGRA ist die Arbeitsgemeinschaft der \u00f6ffentlich-rechtlichen  Redakteursaussch\u00fcsse (ARD, ZDF, Deutschlandradio und Deutsche Welle).  Die Redakteursaussch\u00fcsse sind jeweils gew\u00e4hlte Vertreter der Redakteure  und setzen sich f\u00fcr die innere und \u00e4u\u00dfere Pressefreiheit ein. Die  Redakteursmitwirkung im \u00f6ffentlich-rechtlichen Rundfunk wurde vom  Bundesverfassungsgericht best\u00e4tigt und ist in mehreren Bundesl\u00e4ndern  gesetzlich festgeschrieben.<\/p>\n","protected":false},"excerpt":{"rendered":"<p>&#8222;Wiener Erkl\u00e4rung&#8220;: Redaktionsvertretungen aus Deutschland, \u00d6sterreich und der Schweiz setzen Ma\u00dfst\u00e4be Die Redaktionsvertretungen von ARD, ZDF, Deutschlandradio und Deutsche Welle (AGRA), der ORF-Redakteursrat und KollegInnen von der Schweizer SRG vereinbarten bei ihrer Herbst-Tagung in Wien eine weitreichende Kooperation. Erstes konkretes Ergebnis ist ein l\u00e4nder\u00fcbergreifendes Muster-Statut f\u00fcr die Redaktionen der deutschsprachigen \u00f6ffentlich-rechtlichen Sender. Es enth\u00e4lt Eckpunkte &hellip; <\/p>\n<p class=\"link-more\"><a href=\"http:\/\/www.agra-rundfunk.de\/wordpress\/?p=667\" class=\"more-link\"><span class=\"screen-reader-text\">\u201eMindeststandards f\u00fcr Pressefreiheit\u201c<\/span> weiterlesen<\/a><\/p>\n","protected":false},"author":8,"featured_media":0,"comment_status":"open","ping_status":"open","sticky":false,"template":"","format":"standard","meta":{"jetpack_post_was_ever_published":false,"_jetpack_newsletter_access":"","_jetpack_dont_email_post_to_subs":false,"_jetpack_newsletter_tier_id":0,"_jetpack_memberships_contains_paywalled_content":false,"_jetpack_memberships_contains_paid_content":false,"footnotes":"","jetpack_publicize_message":"","jetpack_publicize_feature_enabled":true,"jetpack_social_post_already_shared":true,"jetpack_social_options":{"image_generator_settings":{"template":"highway","default_image_id":0,"font":"","enabled":false},"version":2}},"categories":[1],"tags":[],"class_list":["post-667","post","type-post","status-publish","format-standard","hentry","category-uncategorized","entry"],"jetpack_publicize_connections":[],"jetpack_featured_media_url":"","jetpack_sharing_enabled":true,"jetpack_shortlink":"https:\/\/wp.me\/p5x4SE-aL","_links":{"self":[{"href":"http:\/\/www.agra-rundfunk.de\/wordpress\/index.php?rest_route=\/wp\/v2\/posts\/667","targetHints":{"allow":["GET"]}}],"collection":[{"href":"http:\/\/www.agra-rundfunk.de\/wordpress\/index.php?rest_route=\/wp\/v2\/posts"}],"about":[{"href":"http:\/\/www.agra-rundfunk.de\/wordpress\/index.php?rest_route=\/wp\/v2\/types\/post"}],"author":[{"embeddable":true,"href":"http:\/\/www.agra-rundfunk.de\/wordpress\/index.php?rest_route=\/wp\/v2\/users\/8"}],"replies":[{"embeddable":true,"href":"http:\/\/www.agra-rundfunk.de\/wordpress\/index.php?rest_route=%2Fwp%2Fv2%2Fcomments&post=667"}],"version-history":[{"count":4,"href":"http:\/\/www.agra-rundfunk.de\/wordpress\/index.php?rest_route=\/wp\/v2\/posts\/667\/revisions"}],"predecessor-version":[{"id":672,"href":"http:\/\/www.agra-rundfunk.de\/wordpress\/index.php?rest_route=\/wp\/v2\/posts\/667\/revisions\/672"}],"wp:attachment":[{"href":"http:\/\/www.agra-rundfunk.de\/wordpress\/index.php?rest_route=%2Fwp%2Fv2%2Fmedia&parent=667"}],"wp:term":[{"taxonomy":"category","embeddable":true,"href":"http:\/\/www.agra-rundfunk.de\/wordpress\/index.php?rest_route=%2Fwp%2Fv2%2Fcategories&post=667"},{"taxonomy":"post_tag","embeddable":true,"href":"http:\/\/www.agra-rundfunk.de\/wordpress\/index.php?rest_route=%2Fwp%2Fv2%2Ftags&post=667"}],"curies":[{"name":"wp","href":"https:\/\/api.w.org\/{rel}","templated":true}]}}