{"id":657,"date":"2019-10-11T20:30:36","date_gmt":"2019-10-11T19:30:36","guid":{"rendered":"http:\/\/www.agra-rundfunk.de\/wordpress\/?p=657"},"modified":"2019-10-11T20:38:00","modified_gmt":"2019-10-11T19:38:00","slug":"armin-wolf-ist-europaeischer-journalist-des-jahres-nominierung-auf-vorschlag-der-deutschen-oeffentlich-rechtlichen-journalisten","status":"publish","type":"post","link":"http:\/\/www.agra-rundfunk.de\/wordpress\/?p=657","title":{"rendered":"Armin Wolf ist europ\u00e4ischer Journalist des Jahres &#8211; Nominierung auf Vorschlag der deutschen \u00f6ffentlich-rechtlichen Journalisten"},"content":{"rendered":"\n<hr class=\"wp-block-separator\"\/>\n\n\n\n<p>Die Arbeitsgemeinschaft der \u00f6ffentlich-rechtlichen  Redakteursaussch\u00fcsse AGRA freut sich \u00fcber die Ernennung des  \u00f6sterreichischen Kollegen Armin Wolf (ORF) zum europ\u00e4ischen Journalisten  des Jahres. Die Vergabe wurde vom Prix Europa durchgef\u00fchrt.  Medienschaffende aus ganz Europa waren dazu aufgerufen,  Nominierungsvorschl\u00e4ge zu machen.<\/p>\n\n\n\n<p>Wir danken dem Prix Europa Steering Committee, dass sie auf unseren  Antrag den herausragenden Kollegen entsprechend ausgezeichnet hat. Die  Preisverleihung findet am Freitagabend in Potsdam im Rahmen der Prix  Europa Preisverleihung statt, bei der 15 weitere&nbsp;Preise f\u00fcr die besten  europ\u00e4ischen Fernseh-, Radio- und Digital Media Programme verliehen  werden.<\/p>\n\n\n\n<p>Die AGRA hatte Armin Wolf und den Chefredakteur des &#8222;Falter&#8220;,  Florian Klenk, nominiert. Mit beiden Vorschl\u00e4gen wollten die Redakteure  von ARD, ZDF und Deutschlandradio das Engagement, die Professionalit\u00e4t  und das Beharrungsverm\u00f6gen der beiden Kollegen w\u00fcrdigen. Wolf und Klenk  zeichnen sich durch ein klares Bekenntnis zum fairen, verl\u00e4sslichen und  sachorientierten Journalismus aus. Beide Journalisten wurden in den  letzten Monaten von Populisten massiv angegangen.<\/p>\n\n\n\n<p>Armin Wolf, Moderator der n\u00e4chtlichen Nachrichtensendung \u201eZeit im  Bild 2\u201c, ist der bekannteste \u00f6sterreichische Fernsehjournalist. Seine  Fragen sind ehrlich und kritisch, aber fundiert und nie ohne Grund.  Wolf, der sich akribisch auf jedes Interview vorbereitet, wurde von  f\u00fchrenden Mitgliedern der rechtspopulistischen FP\u00d6 massiv kritisiert und  war dar\u00fcber hinaus verschiedenen Formen von Hass und Drohungen gegen  seine journalistische Arbeit ausgesetzt.<\/p>\n\n\n\n<p>Wir gratulieren unserem Kollegen Armin Wolf sehr herzlich!      <\/p>\n\n\n\n<p>_________________<\/p>\n\n\n\n<p>AGRA \u2013 Arbeitsgemeinschaft der \u00f6ffentlich-rechtlichen Redakteursaussch\u00fcsse<\/p>\n\n\n\n<p>Sprecher: Gabriela Mirkovic (NDR), Hubert Krech (ZDF), Heike Bade (MDR)<\/p>\n\n\n\n<p>Kontakt: sprecher@agra-rundfunk.de; http:\/\/blog.agra-rundfunk.de<br>\nDie AGRA ist die Arbeitsgemeinschaft der \u00f6ffentlich-rechtlichen Redakteursaussch\u00fcsse (ARD, ZDF, Deutschlandradio und Deutsche Welle). Die Redakteursaussch\u00fcsse sind jeweils gew\u00e4hlte Vertreter der Redakteure und setzen sich f\u00fcr die innere und \u00e4u\u00dfere Pressefreiheit ein. Die Redakteursmitwirkung im \u00f6ffentlich-rechtlichen Rundfunk wurde vom Bundesverfassungsgericht best\u00e4tigt und ist in mehreren Bundesl\u00e4ndern gesetzlich festgeschrieben.<\/p>\n","protected":false},"excerpt":{"rendered":"<p>Die Arbeitsgemeinschaft der \u00f6ffentlich-rechtlichen Redakteursaussch\u00fcsse AGRA freut sich \u00fcber die Ernennung des \u00f6sterreichischen Kollegen Armin Wolf (ORF) zum europ\u00e4ischen Journalisten des Jahres. Die Vergabe wurde vom Prix Europa durchgef\u00fchrt. Medienschaffende aus ganz Europa waren dazu aufgerufen, Nominierungsvorschl\u00e4ge zu machen. Wir danken dem Prix Europa Steering Committee, dass sie auf unseren Antrag den herausragenden Kollegen entsprechend &hellip; <\/p>\n<p class=\"link-more\"><a href=\"http:\/\/www.agra-rundfunk.de\/wordpress\/?p=657\" class=\"more-link\"><span class=\"screen-reader-text\">\u201eArmin Wolf ist europ\u00e4ischer Journalist des Jahres &#8211; Nominierung auf Vorschlag der deutschen \u00f6ffentlich-rechtlichen Journalisten\u201c<\/span> weiterlesen<\/a><\/p>\n","protected":false},"author":8,"featured_media":0,"comment_status":"open","ping_status":"open","sticky":false,"template":"","format":"standard","meta":{"jetpack_post_was_ever_published":false,"_jetpack_newsletter_access":"","_jetpack_dont_email_post_to_subs":false,"_jetpack_newsletter_tier_id":0,"_jetpack_memberships_contains_paywalled_content":false,"_jetpack_memberships_contains_paid_content":false,"footnotes":"","jetpack_publicize_message":"","jetpack_publicize_feature_enabled":true,"jetpack_social_post_already_shared":true,"jetpack_social_options":{"image_generator_settings":{"template":"highway","default_image_id":0,"font":"","enabled":false},"version":2}},"categories":[1],"tags":[],"class_list":["post-657","post","type-post","status-publish","format-standard","hentry","category-uncategorized","entry"],"jetpack_publicize_connections":[],"jetpack_featured_media_url":"","jetpack_sharing_enabled":true,"jetpack_shortlink":"https:\/\/wp.me\/p5x4SE-aB","_links":{"self":[{"href":"http:\/\/www.agra-rundfunk.de\/wordpress\/index.php?rest_route=\/wp\/v2\/posts\/657","targetHints":{"allow":["GET"]}}],"collection":[{"href":"http:\/\/www.agra-rundfunk.de\/wordpress\/index.php?rest_route=\/wp\/v2\/posts"}],"about":[{"href":"http:\/\/www.agra-rundfunk.de\/wordpress\/index.php?rest_route=\/wp\/v2\/types\/post"}],"author":[{"embeddable":true,"href":"http:\/\/www.agra-rundfunk.de\/wordpress\/index.php?rest_route=\/wp\/v2\/users\/8"}],"replies":[{"embeddable":true,"href":"http:\/\/www.agra-rundfunk.de\/wordpress\/index.php?rest_route=%2Fwp%2Fv2%2Fcomments&post=657"}],"version-history":[{"count":5,"href":"http:\/\/www.agra-rundfunk.de\/wordpress\/index.php?rest_route=\/wp\/v2\/posts\/657\/revisions"}],"predecessor-version":[{"id":664,"href":"http:\/\/www.agra-rundfunk.de\/wordpress\/index.php?rest_route=\/wp\/v2\/posts\/657\/revisions\/664"}],"wp:attachment":[{"href":"http:\/\/www.agra-rundfunk.de\/wordpress\/index.php?rest_route=%2Fwp%2Fv2%2Fmedia&parent=657"}],"wp:term":[{"taxonomy":"category","embeddable":true,"href":"http:\/\/www.agra-rundfunk.de\/wordpress\/index.php?rest_route=%2Fwp%2Fv2%2Fcategories&post=657"},{"taxonomy":"post_tag","embeddable":true,"href":"http:\/\/www.agra-rundfunk.de\/wordpress\/index.php?rest_route=%2Fwp%2Fv2%2Ftags&post=657"}],"curies":[{"name":"wp","href":"https:\/\/api.w.org\/{rel}","templated":true}]}}