{"id":651,"date":"2019-10-01T21:36:27","date_gmt":"2019-10-01T20:36:27","guid":{"rendered":"http:\/\/www.agra-rundfunk.de\/wordpress\/?p=651"},"modified":"2019-10-02T07:06:45","modified_gmt":"2019-10-02T06:06:45","slug":"oeffentlich-rechtliche-journalisten-schlagen-oesterreichische-kollegen-als-journalisten-des-jahres-vor","status":"publish","type":"post","link":"http:\/\/www.agra-rundfunk.de\/wordpress\/?p=651","title":{"rendered":"\u00d6ffentlich-rechtliche Journalisten schlagen \u00f6sterreichische Kollegen als Journalisten des Jahres vor"},"content":{"rendered":"\n<p>Die Arbeitsgemeinschaft der \u00f6ffentlich-rechtlichen Redakteursaussch\u00fcsse AGRA schl\u00e4gt die beiden \u00f6sterreichischen Kollegen Armin Wolf (ORF) und Florian Klenk (Falter) f\u00fcr die Auszeichnung als europ\u00e4ischen Journalisten vor. Die Wahl wird vom Prix Europa durchgef\u00fchrt. Wir danken der Jury des Prix Europa, dass sie die beiden Kollegen auf die Short-List gesetzt haben, die heute ver\u00f6ffentlicht wurde. Der Journalist des Jahres wird Anfang Oktober in Potsdam gek\u00fcrt. (&nbsp;<a href=\"https:\/\/www.prixeuropa.eu\/news\/2019\/10\/01\/teuropeanjournlistoftheyear2019-shortlistnominations-jwal3\" target=\"_blank\" rel=\"noreferrer noopener\">https:\/\/www.prixeuropa.eu\/news\/2019\/10\/01\/teuropeanjournlistoftheyear2019-shortlistnominations-jwal3<\/a>)<\/p>\n\n\n\n<p>Die AGRA will mit dem Vorschlag das Engagement, die Professionalit\u00e4t und das Beharrungsverm\u00f6gen der beiden Kollegen w\u00fcrdigen. Wolf und Klenk zeichnen sich durch ein klares Bekenntnis zum fairen, verl\u00e4sslichen und sachorientierten Journalismus aus. Beide Journalisten wurden in den letzten Monaten von Populisten massiv angegangen.<\/p>\n\n\n\n<p>Armin Wolf, Moderator der n\u00e4chtlichen Nachrichtensendung \u201eZeit im Bild 2\u201c, ist der bekannteste \u00f6sterreichische Fernsehjournalist. Seine Fragen sind ehrlich und kritisch, aber fundiert und nie ohne Grund. Wolf, der sich akribisch auf jedes Interview vorbereitet, wurde von f\u00fchrenden Mitgliedern der rechtspopulistischen FP\u00d6 massiv kritisiert und war dar\u00fcber hinaus verschiedenen Formen von Hass und Drohungen gegen seine journalistische Arbeit ausgesetzt.<\/p>\n\n\n\n<p>Florian Klenk ist Chefredakteur der Wiener Zeitschrift \u201eDer Falter\u201c. Klenk ist bekannt f\u00fcr seine intelligenten und kritischen Fragen und Kommentare. Er wagt es, Themen zu ber\u00fchren, vor denen andere Medien Angst haben, zu berichten. &nbsp;Er f\u00fchrt ein engagiertes Team, das regelm\u00e4\u00dfig ausgezeichnete, selbst recherchierte Enth\u00fcllungen pr\u00e4sentiert. Auch er sieht sich massiven Angriffen ausgesetzt.<\/p>\n\n\n\n<p>___________<\/p>\n\n\n\n<p>AGRA \u2013 Arbeitsgemeinschaft der \u00f6ffentlich-rechtlichen Redakteursaussch\u00fcsse<\/p>\n\n\n\n<p>Sprecher: Gabriela Mirkovic (NDR), Hubert Krech (ZDF), Heike Bade (MDR)<\/p>\n\n\n\n<p>Kontakt:&nbsp;<a href=\"mailto:sprecher@agra-rundfunk.de\" target=\"_blank\" rel=\"noreferrer noopener\">sprecher@agra-rundfunk.de<\/a>;&nbsp;<a href=\"http:\/\/blog.agra-rundfunk.de\/\" target=\"_blank\" rel=\"noreferrer noopener\">http:\/\/blog.agra-rundfunk.de<\/a><\/p>\n\n\n\n<p>Die AGRA ist die Arbeitsgemeinschaft der \u00f6ffentlich-rechtlichen Redakteursaussch\u00fcsse (ARD, ZDF, Deutschlandradio und Deutsche Welle). Die Redakteursaussch\u00fcsse sind jeweils gew\u00e4hlte Vertreter der Redakteure und setzen sich f\u00fcr die innere und \u00e4u\u00dfere Pressefreiheit ein. Die Redakteursmitwirkung im \u00f6ffentlich-rechtlichen Rundfunk wurde vom Bundesverfassungsgericht best\u00e4tigt und ist in mehreren Bundesl\u00e4ndern gesetzlich festgeschrieben.<\/p>\n","protected":false},"excerpt":{"rendered":"<p>Die Arbeitsgemeinschaft der \u00f6ffentlich-rechtlichen Redakteursaussch\u00fcsse AGRA schl\u00e4gt die beiden \u00f6sterreichischen Kollegen Armin Wolf (ORF) und Florian Klenk (Falter) f\u00fcr die Auszeichnung als europ\u00e4ischen Journalisten vor. Die Wahl wird vom Prix Europa durchgef\u00fchrt. Wir danken der Jury des Prix Europa, dass sie die beiden Kollegen auf die Short-List gesetzt haben, die heute ver\u00f6ffentlicht wurde. Der Journalist &hellip; <\/p>\n<p class=\"link-more\"><a href=\"http:\/\/www.agra-rundfunk.de\/wordpress\/?p=651\" class=\"more-link\"><span class=\"screen-reader-text\">\u201e\u00d6ffentlich-rechtliche Journalisten schlagen \u00f6sterreichische Kollegen als Journalisten des Jahres vor\u201c<\/span> weiterlesen<\/a><\/p>\n","protected":false},"author":8,"featured_media":0,"comment_status":"open","ping_status":"open","sticky":false,"template":"","format":"standard","meta":{"jetpack_post_was_ever_published":false,"_jetpack_newsletter_access":"","_jetpack_dont_email_post_to_subs":false,"_jetpack_newsletter_tier_id":0,"_jetpack_memberships_contains_paywalled_content":false,"_jetpack_memberships_contains_paid_content":false,"footnotes":"","jetpack_publicize_message":"","jetpack_publicize_feature_enabled":true,"jetpack_social_post_already_shared":true,"jetpack_social_options":{"image_generator_settings":{"template":"highway","default_image_id":0,"font":"","enabled":false},"version":2}},"categories":[1],"tags":[],"class_list":["post-651","post","type-post","status-publish","format-standard","hentry","category-uncategorized","entry"],"jetpack_publicize_connections":[],"jetpack_featured_media_url":"","jetpack_sharing_enabled":true,"jetpack_shortlink":"https:\/\/wp.me\/p5x4SE-av","_links":{"self":[{"href":"http:\/\/www.agra-rundfunk.de\/wordpress\/index.php?rest_route=\/wp\/v2\/posts\/651","targetHints":{"allow":["GET"]}}],"collection":[{"href":"http:\/\/www.agra-rundfunk.de\/wordpress\/index.php?rest_route=\/wp\/v2\/posts"}],"about":[{"href":"http:\/\/www.agra-rundfunk.de\/wordpress\/index.php?rest_route=\/wp\/v2\/types\/post"}],"author":[{"embeddable":true,"href":"http:\/\/www.agra-rundfunk.de\/wordpress\/index.php?rest_route=\/wp\/v2\/users\/8"}],"replies":[{"embeddable":true,"href":"http:\/\/www.agra-rundfunk.de\/wordpress\/index.php?rest_route=%2Fwp%2Fv2%2Fcomments&post=651"}],"version-history":[{"count":2,"href":"http:\/\/www.agra-rundfunk.de\/wordpress\/index.php?rest_route=\/wp\/v2\/posts\/651\/revisions"}],"predecessor-version":[{"id":656,"href":"http:\/\/www.agra-rundfunk.de\/wordpress\/index.php?rest_route=\/wp\/v2\/posts\/651\/revisions\/656"}],"wp:attachment":[{"href":"http:\/\/www.agra-rundfunk.de\/wordpress\/index.php?rest_route=%2Fwp%2Fv2%2Fmedia&parent=651"}],"wp:term":[{"taxonomy":"category","embeddable":true,"href":"http:\/\/www.agra-rundfunk.de\/wordpress\/index.php?rest_route=%2Fwp%2Fv2%2Fcategories&post=651"},{"taxonomy":"post_tag","embeddable":true,"href":"http:\/\/www.agra-rundfunk.de\/wordpress\/index.php?rest_route=%2Fwp%2Fv2%2Ftags&post=651"}],"curies":[{"name":"wp","href":"https:\/\/api.w.org\/{rel}","templated":true}]}}