{"id":643,"date":"2019-09-13T14:25:51","date_gmt":"2019-09-13T13:25:51","guid":{"rendered":"http:\/\/www.agra-rundfunk.de\/wordpress\/?p=643"},"modified":"2019-09-13T14:39:29","modified_gmt":"2019-09-13T13:39:29","slug":"die-agra-macht-sich-fuer-den-ard-weltspiegel-stark","status":"publish","type":"post","link":"http:\/\/www.agra-rundfunk.de\/wordpress\/?p=643","title":{"rendered":"ARD-\u201eWeltspiegel\u201c muss auf attraktivem Sendeplatz bleiben!"},"content":{"rendered":"\n<p>Die Arbeitsgemeinschaft der Redakteursaussch\u00fcsse im \u00f6ffentlich-rechtlichen Rundfunk richtet einen dringenden Appell an die Intendantinnen und Intendanten der ARD, das renommierte Journal nicht von seinem angestammten Sendeplatz am Sonntag um 19.20 Uhr direkt vor der &#8222;Tagesschau&#8220; zu verdr\u00e4ngen. Der &#8222;Weltspiegel&#8220; steht f\u00fcr hochkompetente und hintergr\u00fcndige Information \u00fcber die Geschehnisse au\u00dferhalb Deutschlands. Diese sind unerl\u00e4sslich in einer Zeit, in der die Weltpolitik immer kontroverser und konfrontativer wird.<\/p>\n\n\n\n<p>Nach Angaben des ARD-Vorsitzenden Ulrich Wilhelm (Intendant des Bayerischen Rundfunks) beraten die Senderchefs bei ihrer Sitzung in der kommenden Woche ein neues Programmschema f\u00fcr den Sonntag im Ersten. Zur Diskussion steht dabei eine &#8222;Sportschau&#8220; vor den 20-Uhr-Nachrichten und damit die Verschiebung des &#8222;Weltspiegels&#8220;.<\/p>\n\n\n\n<p>Aus Sicht der AGRA ist das ein Unding: Bei aller anerkannten journalistischen Qualit\u00e4t der &#8222;Sportschau&#8220; w\u00e4re das ein Einknicken vor der Quote &#8211; auf Kosten des Kerns des \u00f6ffentlich-rechtlichen Informationsauftrages.Im Zuge der Legitimation des \u00f6ffentlich-rechtlichen Rundfunks ist es nach Ansicht der AGRA der vollkommen falsche Weg, dieses Angebot auf einen weniger attraktiven Sendeplatz zu verlegen.<\/p>\n\n\n\n<p>Die Redakteursvertreterinnen und \u2013vertreter appellieren daher nachdr\u00fccklich an die Intendantinnen und Intendanten, den &#8222;Weltspiegel&#8220; am etablierten Sendeplatz zu belassen.<\/p>\n\n\n\n<p>______________<\/p>\n\n\n\n<p>AGRA \u2013 Arbeitsgemeinschaft der \u00f6ffentlich-rechtlichen Redakteursaussch\u00fcsse<\/p>\n\n\n\n<p>Sprecher: Gabriela Mirkovic (NDR), Hubert Krech (ZDF), Heike Bade (MDR)<\/p>\n\n\n\n<p>Kontakt: sprecher@agra-rundfunk.de; http:\/\/blog.agra-rundfunk.de<\/p>\n\n\n\n<p>Die AGRA ist die Arbeitsgemeinschaft der \u00f6ffentlich-rechtlichen \nRedakteursaussch\u00fcsse (ARD, ZDF, Deutschlandradio und Deutsche Welle). \nDie Redakteursaussch\u00fcsse sind jeweils gew\u00e4hlte Vertreter der Redakteure \nund setzen sich f\u00fcr die innere und \u00e4u\u00dfere Pressefreiheit ein. Die \nRedakteursmitwirkung im \u00f6ffentlich-rechtlichen Rundfunk wurde vom \nBundesverfassungsgericht best\u00e4tigt und ist in mehreren Bundesl\u00e4ndern \ngesetzlich festgeschrieben.<\/p>\n","protected":false},"excerpt":{"rendered":"<p>Die Arbeitsgemeinschaft der Redakteursaussch\u00fcsse im \u00f6ffentlich-rechtlichen Rundfunk richtet einen dringenden Appell an die Intendantinnen und Intendanten der ARD, das renommierte Journal nicht von seinem angestammten Sendeplatz am Sonntag um 19.20 Uhr direkt vor der &#8222;Tagesschau&#8220; zu verdr\u00e4ngen. Der &#8222;Weltspiegel&#8220; steht f\u00fcr hochkompetente und hintergr\u00fcndige Information \u00fcber die Geschehnisse au\u00dferhalb Deutschlands. Diese sind unerl\u00e4sslich in einer &hellip; <\/p>\n<p class=\"link-more\"><a href=\"http:\/\/www.agra-rundfunk.de\/wordpress\/?p=643\" class=\"more-link\"><span class=\"screen-reader-text\">\u201eARD-\u201eWeltspiegel\u201c muss auf attraktivem Sendeplatz bleiben!\u201c<\/span> weiterlesen<\/a><\/p>\n","protected":false},"author":8,"featured_media":0,"comment_status":"open","ping_status":"open","sticky":false,"template":"","format":"standard","meta":{"jetpack_post_was_ever_published":false,"_jetpack_newsletter_access":"","_jetpack_dont_email_post_to_subs":false,"_jetpack_newsletter_tier_id":0,"_jetpack_memberships_contains_paywalled_content":false,"_jetpack_memberships_contains_paid_content":false,"footnotes":"","jetpack_publicize_message":"","jetpack_publicize_feature_enabled":true,"jetpack_social_post_already_shared":true,"jetpack_social_options":{"image_generator_settings":{"template":"highway","default_image_id":0,"font":"","enabled":false},"version":2}},"categories":[1],"tags":[],"class_list":["post-643","post","type-post","status-publish","format-standard","hentry","category-uncategorized","entry"],"jetpack_publicize_connections":[],"jetpack_featured_media_url":"","jetpack_sharing_enabled":true,"jetpack_shortlink":"https:\/\/wp.me\/p5x4SE-an","_links":{"self":[{"href":"http:\/\/www.agra-rundfunk.de\/wordpress\/index.php?rest_route=\/wp\/v2\/posts\/643","targetHints":{"allow":["GET"]}}],"collection":[{"href":"http:\/\/www.agra-rundfunk.de\/wordpress\/index.php?rest_route=\/wp\/v2\/posts"}],"about":[{"href":"http:\/\/www.agra-rundfunk.de\/wordpress\/index.php?rest_route=\/wp\/v2\/types\/post"}],"author":[{"embeddable":true,"href":"http:\/\/www.agra-rundfunk.de\/wordpress\/index.php?rest_route=\/wp\/v2\/users\/8"}],"replies":[{"embeddable":true,"href":"http:\/\/www.agra-rundfunk.de\/wordpress\/index.php?rest_route=%2Fwp%2Fv2%2Fcomments&post=643"}],"version-history":[{"count":2,"href":"http:\/\/www.agra-rundfunk.de\/wordpress\/index.php?rest_route=\/wp\/v2\/posts\/643\/revisions"}],"predecessor-version":[{"id":645,"href":"http:\/\/www.agra-rundfunk.de\/wordpress\/index.php?rest_route=\/wp\/v2\/posts\/643\/revisions\/645"}],"wp:attachment":[{"href":"http:\/\/www.agra-rundfunk.de\/wordpress\/index.php?rest_route=%2Fwp%2Fv2%2Fmedia&parent=643"}],"wp:term":[{"taxonomy":"category","embeddable":true,"href":"http:\/\/www.agra-rundfunk.de\/wordpress\/index.php?rest_route=%2Fwp%2Fv2%2Fcategories&post=643"},{"taxonomy":"post_tag","embeddable":true,"href":"http:\/\/www.agra-rundfunk.de\/wordpress\/index.php?rest_route=%2Fwp%2Fv2%2Ftags&post=643"}],"curies":[{"name":"wp","href":"https:\/\/api.w.org\/{rel}","templated":true}]}}