{"id":627,"date":"2019-07-23T16:50:41","date_gmt":"2019-07-23T15:50:41","guid":{"rendered":"http:\/\/www.agra-rundfunk.de\/wordpress\/?p=627"},"modified":"2019-07-23T16:50:41","modified_gmt":"2019-07-23T15:50:41","slug":"morddrohung-ist-angriff-auf-die-freie-presse-solidaritaet-mit-georg-restle","status":"publish","type":"post","link":"http:\/\/www.agra-rundfunk.de\/wordpress\/?p=627","title":{"rendered":"Morddrohung ist Angriff auf die freie Presse &#8211; Solidarit\u00e4t mit Georg Restle"},"content":{"rendered":"\n<p>Die Redaktionsvertretungen von ARD, ZDF und Deutschlandradio verurteilen die Morddrohung gegen unseren Kollegen und Chef des Investigativmagazins &#8222;Monitor&#8220; Georg Restle. Die Arbeitsgemeinschaft der Redakteursaussch\u00fcsse AGRA ist solidarisch mit der folgenden Erkl\u00e4rung der WDR-Redakteursvertretung, die heute beschlossen wurde:<\/p>\n\n\n\n<blockquote class=\"wp-block-quote is-layout-flow wp-block-quote-is-layout-flow\"><p>Die WDR Redakteursvertretung ist best\u00fcrzt \u00fcber die Morddrohung, die der Kollege Georg Restle wegen seines Kommentars in den ARD Tagesthemen erhalten hat. Wir solidarisieren uns mit ihm \u2013 eine solche Bedrohung f\u00fcr Leib und Leben des Kollegen ist ein abscheulicher Angriff auf ihn und die  Presse- und Meinungsfreiheit.<\/p><p>Wir Redakteure im WDR stehen f\u00fcr unabh\u00e4ngigen, glaubw\u00fcrdigen Journalismus, setzen uns daf\u00fcr ein \u2013 auch nach innen, f\u00fcr die innere Rundfunkfreiheit. Die prompte Reaktion des Intendanten und der WDR-Gesch\u00e4ftsleitung zum Schutz von Georg Restle ist ein ermutigendes und wichtiges Zeichen, dass der WDR hinter unseren Werten und hinter seinen Mitarbeitern steht.<\/p><cite>WDR-Redakteursvertretung<br><br><\/cite><\/blockquote>\n\n\n\n<p>Die AGRA stellt sich hinter die Aussagen der WDR-Redakteursvertretung. Wir sind entsetzt, dass Kolleginnen und Kollegen f\u00fcr ihre journalistische und investigative Arbeit im Dienst von Demokratie, Aufkl\u00e4rung und Wahrheitsfindung Morddrohungen erhalten.<\/p>\n\n\n\n<p>Wir fordern alle Politiker und Amts- und Funktionstr\u00e4ger dazu auf, die Sicherheit der Journalistinnen und Journalisten zu gew\u00e4hrleisten und sich von Menschen und Aussagen, die unsere Kolleginnen und Kollegen &#8211; auch von privaten Medien\u00a0 &#8211; verbal und k\u00f6rperlich angreifen, deutlich zu distanzieren. Hetze und Diffamierungen &#8211; bei Reden oder im Internet und den sozialen Medien &#8211; bilden einen N\u00e4hrboden f\u00fcr Hass, Angriffe und Gewalt.<\/p>\n\n\n\n<p>______________<\/p>\n\n\n\n<p>AGRA \u2013 Arbeitsgemeinschaft der \u00f6ffentlich-rechtlichen Redakteursaussch\u00fcsse<\/p>\n\n\n\n<p>Sprecher: Gabriela Mirkovic (NDR), Hubert Krech (ZDF), Heike Bade (MDR)<\/p>\n\n\n\n<p>Kontakt: sprecher@agra-rundfunk.de; http:\/\/blog.agra-rundfunk.de<\/p>\n\n\n\n<p>Die AGRA ist die Arbeitsgemeinschaft der \u00f6ffentlich-rechtlichen \nRedakteursaussch\u00fcsse (ARD, ZDF, Deutschlandradio und Deutsche Welle). \nDie Redakteursaussch\u00fcsse sind jeweils gew\u00e4hlte Vertreter der Redakteure \nund setzen sich f\u00fcr die innere und \u00e4u\u00dfere Pressefreiheit ein. Die \nRedakteursmitwirkung im \u00f6ffentlich-rechtlichen Rundfunk wurde vom \nBundesverfassungsgericht best\u00e4tigt und ist in mehreren Bundesl\u00e4ndern \ngesetzlich festgeschrieben.<\/p>\n","protected":false},"excerpt":{"rendered":"<p>Die Redaktionsvertretungen von ARD, ZDF und Deutschlandradio verurteilen die Morddrohung gegen unseren Kollegen und Chef des Investigativmagazins &#8222;Monitor&#8220; Georg Restle. Die Arbeitsgemeinschaft der Redakteursaussch\u00fcsse AGRA ist solidarisch mit der folgenden Erkl\u00e4rung der WDR-Redakteursvertretung, die heute beschlossen wurde: Die WDR Redakteursvertretung ist best\u00fcrzt \u00fcber die Morddrohung, die der Kollege Georg Restle wegen seines Kommentars in den &hellip; <\/p>\n<p class=\"link-more\"><a href=\"http:\/\/www.agra-rundfunk.de\/wordpress\/?p=627\" class=\"more-link\"><span class=\"screen-reader-text\">\u201eMorddrohung ist Angriff auf die freie Presse &#8211; Solidarit\u00e4t mit Georg Restle\u201c<\/span> weiterlesen<\/a><\/p>\n","protected":false},"author":8,"featured_media":0,"comment_status":"open","ping_status":"open","sticky":false,"template":"","format":"standard","meta":{"jetpack_post_was_ever_published":false,"_jetpack_newsletter_access":"","_jetpack_dont_email_post_to_subs":false,"_jetpack_newsletter_tier_id":0,"_jetpack_memberships_contains_paywalled_content":false,"_jetpack_memberships_contains_paid_content":false,"footnotes":"","jetpack_publicize_message":"","jetpack_publicize_feature_enabled":true,"jetpack_social_post_already_shared":true,"jetpack_social_options":{"image_generator_settings":{"template":"highway","default_image_id":0,"font":"","enabled":false},"version":2}},"categories":[1],"tags":[],"class_list":["post-627","post","type-post","status-publish","format-standard","hentry","category-uncategorized","entry"],"jetpack_publicize_connections":[],"jetpack_featured_media_url":"","jetpack_sharing_enabled":true,"jetpack_shortlink":"https:\/\/wp.me\/p5x4SE-a7","_links":{"self":[{"href":"http:\/\/www.agra-rundfunk.de\/wordpress\/index.php?rest_route=\/wp\/v2\/posts\/627","targetHints":{"allow":["GET"]}}],"collection":[{"href":"http:\/\/www.agra-rundfunk.de\/wordpress\/index.php?rest_route=\/wp\/v2\/posts"}],"about":[{"href":"http:\/\/www.agra-rundfunk.de\/wordpress\/index.php?rest_route=\/wp\/v2\/types\/post"}],"author":[{"embeddable":true,"href":"http:\/\/www.agra-rundfunk.de\/wordpress\/index.php?rest_route=\/wp\/v2\/users\/8"}],"replies":[{"embeddable":true,"href":"http:\/\/www.agra-rundfunk.de\/wordpress\/index.php?rest_route=%2Fwp%2Fv2%2Fcomments&post=627"}],"version-history":[{"count":5,"href":"http:\/\/www.agra-rundfunk.de\/wordpress\/index.php?rest_route=\/wp\/v2\/posts\/627\/revisions"}],"predecessor-version":[{"id":632,"href":"http:\/\/www.agra-rundfunk.de\/wordpress\/index.php?rest_route=\/wp\/v2\/posts\/627\/revisions\/632"}],"wp:attachment":[{"href":"http:\/\/www.agra-rundfunk.de\/wordpress\/index.php?rest_route=%2Fwp%2Fv2%2Fmedia&parent=627"}],"wp:term":[{"taxonomy":"category","embeddable":true,"href":"http:\/\/www.agra-rundfunk.de\/wordpress\/index.php?rest_route=%2Fwp%2Fv2%2Fcategories&post=627"},{"taxonomy":"post_tag","embeddable":true,"href":"http:\/\/www.agra-rundfunk.de\/wordpress\/index.php?rest_route=%2Fwp%2Fv2%2Ftags&post=627"}],"curies":[{"name":"wp","href":"https:\/\/api.w.org\/{rel}","templated":true}]}}