{"id":56,"date":"2010-11-04T15:21:19","date_gmt":"2010-11-04T14:21:19","guid":{"rendered":"http:\/\/blog.agra-rundfunk.de\/?p=56"},"modified":"2011-11-21T10:42:35","modified_gmt":"2011-11-21T09:42:35","slug":"wdr-mitarbeiterzeitung-gefalscht","status":"publish","type":"post","link":"http:\/\/www.agra-rundfunk.de\/wordpress\/?p=56","title":{"rendered":"WDR-Mitarbeiterzeitung gef\u00e4lscht"},"content":{"rendered":"<p>In einer <a href=\"http:\/\/www.freienseiten.de\/images\/stories\/WDR_Print_2011_11_72dpi.pdf\">nachgemachten WDR-Print<\/a> haben bislang unidentifizierte Mitarbeiter Einblicke in die sch\u00f6ne Zukunft des WDR er\u00f6ffnet. Weil viele Probleme viel leichter l\u00f6sbar sind, wenn man aus der Zukunft zur\u00fcckblickt, hat die Aktion Diskussionen (sogar hausintern) ausgel\u00f6st, die vorher nicht m\u00f6glich schienen. Intendantin Monika Piel sah sich zu einer anerkennenden Reaktion aufgefordert. Scripted Reality funktioniert also auch gegen den Strom.<\/p>\n<blockquote>\n<h3>Presseschau<\/h3>\n<p><a href=\"http:\/\/www.spiegel.de\/kultur\/gesellschaft\/0,1518,726077,00.html\">&#8222;Auferstanden von den Quoten&#8220; (spiegel.de)<\/a><br \/>\n<a href=\"http:\/\/www.rp-online.de\/gesellschaft\/medien\/Jauch-abgesagt-Chefredakteur-degradiert_aid_924106.html\">Jauch abgesagt, Chefredakteur degradiert (Rheinische Post)<\/a><br \/>\n<a href=\"http:\/\/www.derwesten.de\/nachrichten\/Wende-beim-WDR-alles-Faelschung-id3882099.html\">\u201eWende beim WDR\u201c &#8211; alles F\u00e4lschung (der Westen)<\/a><br \/>\n<a href=\"http:\/\/www.dwdl.de\/story\/28572\/was_ein_spa_aufregung_um_geflschte_wdrhauszeitung\/\">Was ein Spa\u00df: Aufregung um gef\u00e4lschte WDR-Zeitung (dwdl.de)<\/a>\n<\/p><\/blockquote>\n<p><a href=\"http:\/\/www.freienseiten.de\/index.php\/Diverses\/-Der-WDR-sucht-Falscher-seiner-Hauszeitung.html\">Der WDR sucht F\u00e4lscher seiner Hauszeitung (freienseiten.de)<\/a><\/p>\n","protected":false},"excerpt":{"rendered":"<p>In einer nachgemachten WDR-Print haben bislang unidentifizierte Mitarbeiter Einblicke in die sch\u00f6ne Zukunft des WDR er\u00f6ffnet. Weil viele Probleme viel leichter l\u00f6sbar sind, wenn man aus der Zukunft zur\u00fcckblickt, hat die Aktion Diskussionen (sogar hausintern) ausgel\u00f6st, die vorher nicht m\u00f6glich schienen. Intendantin Monika Piel sah sich zu einer anerkennenden Reaktion aufgefordert. Scripted Reality funktioniert also &hellip; <\/p>\n<p class=\"link-more\"><a href=\"http:\/\/www.agra-rundfunk.de\/wordpress\/?p=56\" class=\"more-link\"><span class=\"screen-reader-text\">\u201eWDR-Mitarbeiterzeitung gef\u00e4lscht\u201c<\/span> weiterlesen<\/a><\/p>\n","protected":false},"author":3,"featured_media":0,"comment_status":"open","ping_status":"open","sticky":false,"template":"","format":"standard","meta":{"jetpack_post_was_ever_published":false,"_jetpack_newsletter_access":"","_jetpack_dont_email_post_to_subs":false,"_jetpack_newsletter_tier_id":0,"_jetpack_memberships_contains_paywalled_content":false,"_jetpack_memberships_contains_paid_content":false,"footnotes":"","jetpack_publicize_message":"","jetpack_publicize_feature_enabled":true,"jetpack_social_post_already_shared":false,"jetpack_social_options":{"image_generator_settings":{"template":"highway","default_image_id":0,"font":"","enabled":false},"version":2}},"categories":[8,14],"tags":[],"class_list":["post-56","post","type-post","status-publish","format-standard","hentry","category-presse","category-wdr","entry"],"jetpack_publicize_connections":[],"jetpack_featured_media_url":"","jetpack_sharing_enabled":true,"jetpack_shortlink":"https:\/\/wp.me\/p5x4SE-U","_links":{"self":[{"href":"http:\/\/www.agra-rundfunk.de\/wordpress\/index.php?rest_route=\/wp\/v2\/posts\/56","targetHints":{"allow":["GET"]}}],"collection":[{"href":"http:\/\/www.agra-rundfunk.de\/wordpress\/index.php?rest_route=\/wp\/v2\/posts"}],"about":[{"href":"http:\/\/www.agra-rundfunk.de\/wordpress\/index.php?rest_route=\/wp\/v2\/types\/post"}],"author":[{"embeddable":true,"href":"http:\/\/www.agra-rundfunk.de\/wordpress\/index.php?rest_route=\/wp\/v2\/users\/3"}],"replies":[{"embeddable":true,"href":"http:\/\/www.agra-rundfunk.de\/wordpress\/index.php?rest_route=%2Fwp%2Fv2%2Fcomments&post=56"}],"version-history":[{"count":15,"href":"http:\/\/www.agra-rundfunk.de\/wordpress\/index.php?rest_route=\/wp\/v2\/posts\/56\/revisions"}],"predecessor-version":[{"id":144,"href":"http:\/\/www.agra-rundfunk.de\/wordpress\/index.php?rest_route=\/wp\/v2\/posts\/56\/revisions\/144"}],"wp:attachment":[{"href":"http:\/\/www.agra-rundfunk.de\/wordpress\/index.php?rest_route=%2Fwp%2Fv2%2Fmedia&parent=56"}],"wp:term":[{"taxonomy":"category","embeddable":true,"href":"http:\/\/www.agra-rundfunk.de\/wordpress\/index.php?rest_route=%2Fwp%2Fv2%2Fcategories&post=56"},{"taxonomy":"post_tag","embeddable":true,"href":"http:\/\/www.agra-rundfunk.de\/wordpress\/index.php?rest_route=%2Fwp%2Fv2%2Ftags&post=56"}],"curies":[{"name":"wp","href":"https:\/\/api.w.org\/{rel}","templated":true}]}}