{"id":548,"date":"2018-08-23T12:01:17","date_gmt":"2018-08-23T11:01:17","guid":{"rendered":"http:\/\/www.agra-rundfunk.de\/wordpress\/?p=548"},"modified":"2018-08-23T12:01:17","modified_gmt":"2018-08-23T11:01:17","slug":"nach-vorfall-in-dresden-keine-duldung-von-angriffen-auf-die-pressefreiheit","status":"publish","type":"post","link":"http:\/\/www.agra-rundfunk.de\/wordpress\/?p=548","title":{"rendered":"Nach Vorfall in Dresden: \u201eKeine Duldung von Angriffen auf die Pressefreiheit\u201c"},"content":{"rendered":"<p>Bei Dreharbeiten in Dresden wurde ein ZDF-Team von Demonstranten verbal angegriffen und anschlie\u00dfend von der Polizei bei seiner Arbeit massiv behindert. Das ist f\u00fcr die AGRA \u2013 die Arbeitsgemeinschaft der Redakteursaussch\u00fcsse von ARD, ZDF, Deutschlandradio und Deutscher Welle \u2013 nicht hinnehmbar. Die Hinderung der Arbeit von Journalisten im \u00f6ffentlichen Raum durch Polizeikr\u00e4fte stellt einen schweren Eingriff in die Pressefreiheit dar!<\/p>\n<p>Dass der Demonstrant, der am massivsten gegen das ZDF-Team vorgegangen ist und von den anwesenden Polizeikr\u00e4ften erfolgreich ein Einschreiten gegen die Journalisten verlangte, selbst ein Mitarbeiter des Landeskriminalamts Sachsen ist, ist ein weiterer unangenehmer Aspekt. Die Verharmlosung solcher Vorf\u00e4lle durch Politiker und Beh\u00f6rden kann nicht geduldet werden.<\/p>\n<p>Wir fordern wir alle Verantwortlichen bei der Polizei, in der Politik und in den Regierungen dazu auf, alles N\u00f6tige zu unternehmen, um solche Vorkommnisse zu verhindern.<\/p>\n<p>Journalisten, die ihre Arbeit im Auftrag der \u00d6ffentlichkeit wahrnehmen, m\u00fcssen gesch\u00fctzt werden. Sie d\u00fcrfen nicht durch zweifelhafte und unbegr\u00fcndete Polizeima\u00dfnahmen in der Aus\u00fcbung ihrer Arbeit behindert werden.<\/p>\n<p>Die ma\u00dfgeblichen Gesetze und die Rechtsprechung von Bundesverfassungsgericht und weiteren Gerichten sind eindeutig. Alle Eingriffe in die Pressefreiheit sind Angriffe auf die freiheitlich-demokratische Grundordnung.<\/p>\n<p>____________<\/p>\n<p>AGRA \u2013 Arbeitsgemeinschaft der \u00f6ffentlich-rechtlichen Redakteursaussch\u00fcsse<\/p>\n<p>Sprecher: Gabriela Mirkovic (NDR), Hubert Krech (ZDF), Heike Bade (MDR)<\/p>\n<p>Kontakt: <a href=\"mailto:sprecher@agra-rundfunk.de\">sprecher@agra-rundfunk.de<\/a> ; <a href=\"http:\/\/blog.agra-rundfunk.de\/\">http:\/\/blog.agra-rundfunk.de\/<\/a><\/p>\n<p>Die AGRA ist die Arbeitsgemeinschaft der \u00f6ffentlich-rechtlichen Redakteursaussch\u00fcsse (ARD, ZDF, Deutschlandradio und Deutsche Welle). Die Redakteursaussch\u00fcsse sind jeweils gew\u00e4hlte Vertreter der Redakteure und setzen sich f\u00fcr die innere und \u00e4u\u00dfere Pressefreiheit ein. Die Redakteursmitwirkung im \u00f6ffentlich-rechtlichen Rundfunk wurde vom Bundesverfassungsgericht best\u00e4tigt und ist in mehreren Bundesl\u00e4ndern gesetzlich festgeschrieben.<\/p>\n","protected":false},"excerpt":{"rendered":"<p>Bei Dreharbeiten in Dresden wurde ein ZDF-Team von Demonstranten verbal angegriffen und anschlie\u00dfend von der Polizei bei seiner Arbeit massiv behindert. Das ist f\u00fcr die AGRA \u2013 die Arbeitsgemeinschaft der Redakteursaussch\u00fcsse von ARD, ZDF, Deutschlandradio und Deutscher Welle \u2013 nicht hinnehmbar. Die Hinderung der Arbeit von Journalisten im \u00f6ffentlichen Raum durch Polizeikr\u00e4fte stellt einen schweren &hellip; <\/p>\n<p class=\"link-more\"><a href=\"http:\/\/www.agra-rundfunk.de\/wordpress\/?p=548\" class=\"more-link\"><span class=\"screen-reader-text\">\u201eNach Vorfall in Dresden: \u201eKeine Duldung von Angriffen auf die Pressefreiheit\u201c\u201c<\/span> weiterlesen<\/a><\/p>\n","protected":false},"author":8,"featured_media":0,"comment_status":"open","ping_status":"open","sticky":false,"template":"","format":"standard","meta":{"jetpack_post_was_ever_published":false,"_jetpack_newsletter_access":"","_jetpack_dont_email_post_to_subs":false,"_jetpack_newsletter_tier_id":0,"_jetpack_memberships_contains_paywalled_content":false,"_jetpack_memberships_contains_paid_content":false,"footnotes":"","jetpack_publicize_message":"","jetpack_publicize_feature_enabled":true,"jetpack_social_post_already_shared":true,"jetpack_social_options":{"image_generator_settings":{"template":"highway","default_image_id":0,"font":"","enabled":false},"version":2}},"categories":[1],"tags":[],"class_list":["post-548","post","type-post","status-publish","format-standard","hentry","category-uncategorized","entry"],"jetpack_publicize_connections":[],"jetpack_featured_media_url":"","jetpack_sharing_enabled":true,"jetpack_shortlink":"https:\/\/wp.me\/p5x4SE-8Q","_links":{"self":[{"href":"http:\/\/www.agra-rundfunk.de\/wordpress\/index.php?rest_route=\/wp\/v2\/posts\/548","targetHints":{"allow":["GET"]}}],"collection":[{"href":"http:\/\/www.agra-rundfunk.de\/wordpress\/index.php?rest_route=\/wp\/v2\/posts"}],"about":[{"href":"http:\/\/www.agra-rundfunk.de\/wordpress\/index.php?rest_route=\/wp\/v2\/types\/post"}],"author":[{"embeddable":true,"href":"http:\/\/www.agra-rundfunk.de\/wordpress\/index.php?rest_route=\/wp\/v2\/users\/8"}],"replies":[{"embeddable":true,"href":"http:\/\/www.agra-rundfunk.de\/wordpress\/index.php?rest_route=%2Fwp%2Fv2%2Fcomments&post=548"}],"version-history":[{"count":1,"href":"http:\/\/www.agra-rundfunk.de\/wordpress\/index.php?rest_route=\/wp\/v2\/posts\/548\/revisions"}],"predecessor-version":[{"id":549,"href":"http:\/\/www.agra-rundfunk.de\/wordpress\/index.php?rest_route=\/wp\/v2\/posts\/548\/revisions\/549"}],"wp:attachment":[{"href":"http:\/\/www.agra-rundfunk.de\/wordpress\/index.php?rest_route=%2Fwp%2Fv2%2Fmedia&parent=548"}],"wp:term":[{"taxonomy":"category","embeddable":true,"href":"http:\/\/www.agra-rundfunk.de\/wordpress\/index.php?rest_route=%2Fwp%2Fv2%2Fcategories&post=548"},{"taxonomy":"post_tag","embeddable":true,"href":"http:\/\/www.agra-rundfunk.de\/wordpress\/index.php?rest_route=%2Fwp%2Fv2%2Ftags&post=548"}],"curies":[{"name":"wp","href":"https:\/\/api.w.org\/{rel}","templated":true}]}}