{"id":518,"date":"2018-05-14T13:03:53","date_gmt":"2018-05-14T12:03:53","guid":{"rendered":"http:\/\/www.agra-rundfunk.de\/wordpress\/?p=518"},"modified":"2018-05-14T13:03:53","modified_gmt":"2018-05-14T12:03:53","slug":"fussball-wm-in-russland-oeffentlich-rechtliche-journalisten-fordern-freie-berichterstattung","status":"publish","type":"post","link":"http:\/\/www.agra-rundfunk.de\/wordpress\/?p=518","title":{"rendered":"Fu\u00dfball-WM in Russland: \u00d6ffentlich-rechtliche Journalisten fordern freie Berichterstattung"},"content":{"rendered":"<p>Die verweigerte Einreiseerlaubnis f\u00fcr den ARD-Sport-Reporter Hajo Seppelt zur Fu\u00dfball-WM in Russland ist f\u00fcr die AGRA (Arbeitsgemeinschaft der Redakteursaussch\u00fcsse im \u00f6ffentlich-rechtlichen Rundfunk) ein nicht hinnehmbarer Vorgang. Die Verhinderung von Seppelts journalistischer Arbeit stellt einen schweren Eingriff in die Pressefreiheit dar, den wir entschieden zur\u00fcckweisen.<\/p>\n<p>Wir fordern den Veranstalter der WM, den Weltfu\u00dfballverband FIFA, auf sich eindeutig zu positionieren und sich daf\u00fcr einzusetzen, dass Hajo Seppelt wie alle anderen Berichterstatter uneingeschr\u00e4nkten Zugang zur WM erh\u00e4lt. Es liegt in der Verantwortung der FIFA, ihre russischen Partner dazu zu bewegen, die Pressefreiheit umfassend sicherzustellen. Das bedeutet, dass Journalistinnen und Journalisten unbeeinflusst von Interessen \u00fcber die WM und alle mit dem Spitzensport zusammenh\u00e4ngenden Aspekte nach freiem Ermessen berichten k\u00f6nnen m\u00fcssen.<\/p>\n<p>Ebenso sehen wir den Deutschen Fu\u00dfballbund DFB in der Pflicht, seinen Einfluss geltend zu machen, dass Hajo Seppelt ungehindert aus Russland berichten kann.<\/p>\n<p>Entsprechend Ihrem gesetzlichen Auftrag muss es ARD, ZDF und Deutschlandradio nach wie vor m\u00f6glich sein, \u00fcber alle Themen rund um den Sport &#8211; wie Doping oder verd\u00e4chtige Finanzstr\u00f6me &#8211; umfassend zu berichten.<\/p>\n<p>______________<\/p>\n<p>AGRA \u2013 Arbeitsgemeinschaft der Redakteursaussch\u00fcsse von ARD, ZDF, Deutschlandradio und Deutscher Welle<br \/>\nSprecher: Gabriela Mirkovic (NDR), Hubert Krech (ZDF), Heike Bade (MDR)<br \/>\nKontakt: sprecher@agra-rundfunk.de<\/p>\n","protected":false},"excerpt":{"rendered":"<p>Die verweigerte Einreiseerlaubnis f\u00fcr den ARD-Sport-Reporter Hajo Seppelt zur Fu\u00dfball-WM in Russland ist f\u00fcr die AGRA (Arbeitsgemeinschaft der Redakteursaussch\u00fcsse im \u00f6ffentlich-rechtlichen Rundfunk) ein nicht hinnehmbarer Vorgang. Die Verhinderung von Seppelts journalistischer Arbeit stellt einen schweren Eingriff in die Pressefreiheit dar, den wir entschieden zur\u00fcckweisen. Wir fordern den Veranstalter der WM, den Weltfu\u00dfballverband FIFA, auf sich &hellip; <\/p>\n<p class=\"link-more\"><a href=\"http:\/\/www.agra-rundfunk.de\/wordpress\/?p=518\" class=\"more-link\"><span class=\"screen-reader-text\">\u201eFu\u00dfball-WM in Russland: \u00d6ffentlich-rechtliche Journalisten fordern freie Berichterstattung\u201c<\/span> weiterlesen<\/a><\/p>\n","protected":false},"author":8,"featured_media":0,"comment_status":"open","ping_status":"open","sticky":false,"template":"","format":"standard","meta":{"jetpack_post_was_ever_published":false,"_jetpack_newsletter_access":"","_jetpack_dont_email_post_to_subs":false,"_jetpack_newsletter_tier_id":0,"_jetpack_memberships_contains_paywalled_content":false,"_jetpack_memberships_contains_paid_content":false,"footnotes":"","jetpack_publicize_message":"","jetpack_publicize_feature_enabled":true,"jetpack_social_post_already_shared":true,"jetpack_social_options":{"image_generator_settings":{"template":"highway","default_image_id":0,"font":"","enabled":false},"version":2}},"categories":[1],"tags":[],"class_list":["post-518","post","type-post","status-publish","format-standard","hentry","category-uncategorized","entry"],"jetpack_publicize_connections":[],"jetpack_featured_media_url":"","jetpack_sharing_enabled":true,"jetpack_shortlink":"https:\/\/wp.me\/p5x4SE-8m","_links":{"self":[{"href":"http:\/\/www.agra-rundfunk.de\/wordpress\/index.php?rest_route=\/wp\/v2\/posts\/518","targetHints":{"allow":["GET"]}}],"collection":[{"href":"http:\/\/www.agra-rundfunk.de\/wordpress\/index.php?rest_route=\/wp\/v2\/posts"}],"about":[{"href":"http:\/\/www.agra-rundfunk.de\/wordpress\/index.php?rest_route=\/wp\/v2\/types\/post"}],"author":[{"embeddable":true,"href":"http:\/\/www.agra-rundfunk.de\/wordpress\/index.php?rest_route=\/wp\/v2\/users\/8"}],"replies":[{"embeddable":true,"href":"http:\/\/www.agra-rundfunk.de\/wordpress\/index.php?rest_route=%2Fwp%2Fv2%2Fcomments&post=518"}],"version-history":[{"count":1,"href":"http:\/\/www.agra-rundfunk.de\/wordpress\/index.php?rest_route=\/wp\/v2\/posts\/518\/revisions"}],"predecessor-version":[{"id":519,"href":"http:\/\/www.agra-rundfunk.de\/wordpress\/index.php?rest_route=\/wp\/v2\/posts\/518\/revisions\/519"}],"wp:attachment":[{"href":"http:\/\/www.agra-rundfunk.de\/wordpress\/index.php?rest_route=%2Fwp%2Fv2%2Fmedia&parent=518"}],"wp:term":[{"taxonomy":"category","embeddable":true,"href":"http:\/\/www.agra-rundfunk.de\/wordpress\/index.php?rest_route=%2Fwp%2Fv2%2Fcategories&post=518"},{"taxonomy":"post_tag","embeddable":true,"href":"http:\/\/www.agra-rundfunk.de\/wordpress\/index.php?rest_route=%2Fwp%2Fv2%2Ftags&post=518"}],"curies":[{"name":"wp","href":"https:\/\/api.w.org\/{rel}","templated":true}]}}