{"id":510,"date":"2018-04-20T14:10:35","date_gmt":"2018-04-20T13:10:35","guid":{"rendered":"http:\/\/www.agra-rundfunk.de\/wordpress\/?p=510"},"modified":"2018-04-20T19:19:05","modified_gmt":"2018-04-20T18:19:05","slug":"keine-kuerzungen-am-programm","status":"publish","type":"post","link":"http:\/\/www.agra-rundfunk.de\/wordpress\/?p=510","title":{"rendered":"Keine K\u00fcrzungen am Programm!"},"content":{"rendered":"<p>Die Intendantinnen und Intendanten der ARD, des ZDF und des Deutschlandradios haben der Rundfunkkommission der L\u00e4nder mitgeteilt, dass sie keinen Spielraum f\u00fcr weitere Sparma\u00dfnahmen sehen, ohne dass es massive Einschnitte im Programm gebe.<\/p>\n<p>Die AGRA (Arbeitsgemeinschaft der Redakteursaussch\u00fcsse im \u00f6ffentlich-rechtlichen Rundfunk) unterst\u00fctzt das in jeder Hinsicht. Wir Redakteurinnen und Redakteure, Reporterinnen und Reporter erleben seit einigen Jahren bereits deutliche Einschnitte, zum Beispiel durch Stellenabbau und Arbeitsverdichtung. Weitere Schritte in diese Richtung besch\u00e4digen zwangsl\u00e4ufig die Qualit\u00e4t der Berichterstattung und stellen damit die Umsetzung des Programmauftrags in Frage.<\/p>\n<p>Die Vielfalt der Programme ist gerade in einer f\u00f6deralen Demokratie und in Zeiten zunehmender Desinformation unverzichtbar. Sie stellt sicher, dass die Nutzerinnen und Nutzer des \u00f6ffentlich-rechtlichen Rundfunks bundesweit in allen Regionen so informiert und unterhalten werden, wie sie es erwarten k\u00f6nnen. Dies darf nicht gef\u00e4hrdet werden.<\/p>\n<p><em>Die AGRA hat diese Erkl\u00e4rung bei ihrer Fr\u00fchjahrstagung am 20.04.2018 beim NDR in Hamburg verabschiedet.<\/em><\/p>\n","protected":false},"excerpt":{"rendered":"<p>Die Intendantinnen und Intendanten der ARD, des ZDF und des Deutschlandradios haben der Rundfunkkommission der L\u00e4nder mitgeteilt, dass sie keinen Spielraum f\u00fcr weitere Sparma\u00dfnahmen sehen, ohne dass es massive Einschnitte im Programm gebe. Die AGRA (Arbeitsgemeinschaft der Redakteursaussch\u00fcsse im \u00f6ffentlich-rechtlichen Rundfunk) unterst\u00fctzt das in jeder Hinsicht. Wir Redakteurinnen und Redakteure, Reporterinnen und Reporter erleben seit &hellip; <\/p>\n<p class=\"link-more\"><a href=\"http:\/\/www.agra-rundfunk.de\/wordpress\/?p=510\" class=\"more-link\"><span class=\"screen-reader-text\">\u201eKeine K\u00fcrzungen am Programm!\u201c<\/span> weiterlesen<\/a><\/p>\n","protected":false},"author":8,"featured_media":0,"comment_status":"open","ping_status":"open","sticky":false,"template":"","format":"standard","meta":{"jetpack_post_was_ever_published":false,"_jetpack_newsletter_access":"","_jetpack_dont_email_post_to_subs":false,"_jetpack_newsletter_tier_id":0,"_jetpack_memberships_contains_paywalled_content":false,"_jetpack_memberships_contains_paid_content":false,"footnotes":"","jetpack_publicize_message":"","jetpack_publicize_feature_enabled":true,"jetpack_social_post_already_shared":true,"jetpack_social_options":{"image_generator_settings":{"template":"highway","default_image_id":0,"font":"","enabled":false},"version":2}},"categories":[1],"tags":[],"class_list":["post-510","post","type-post","status-publish","format-standard","hentry","category-uncategorized","entry"],"jetpack_publicize_connections":[],"jetpack_featured_media_url":"","jetpack_sharing_enabled":true,"jetpack_shortlink":"https:\/\/wp.me\/p5x4SE-8e","_links":{"self":[{"href":"http:\/\/www.agra-rundfunk.de\/wordpress\/index.php?rest_route=\/wp\/v2\/posts\/510","targetHints":{"allow":["GET"]}}],"collection":[{"href":"http:\/\/www.agra-rundfunk.de\/wordpress\/index.php?rest_route=\/wp\/v2\/posts"}],"about":[{"href":"http:\/\/www.agra-rundfunk.de\/wordpress\/index.php?rest_route=\/wp\/v2\/types\/post"}],"author":[{"embeddable":true,"href":"http:\/\/www.agra-rundfunk.de\/wordpress\/index.php?rest_route=\/wp\/v2\/users\/8"}],"replies":[{"embeddable":true,"href":"http:\/\/www.agra-rundfunk.de\/wordpress\/index.php?rest_route=%2Fwp%2Fv2%2Fcomments&post=510"}],"version-history":[{"count":3,"href":"http:\/\/www.agra-rundfunk.de\/wordpress\/index.php?rest_route=\/wp\/v2\/posts\/510\/revisions"}],"predecessor-version":[{"id":513,"href":"http:\/\/www.agra-rundfunk.de\/wordpress\/index.php?rest_route=\/wp\/v2\/posts\/510\/revisions\/513"}],"wp:attachment":[{"href":"http:\/\/www.agra-rundfunk.de\/wordpress\/index.php?rest_route=%2Fwp%2Fv2%2Fmedia&parent=510"}],"wp:term":[{"taxonomy":"category","embeddable":true,"href":"http:\/\/www.agra-rundfunk.de\/wordpress\/index.php?rest_route=%2Fwp%2Fv2%2Fcategories&post=510"},{"taxonomy":"post_tag","embeddable":true,"href":"http:\/\/www.agra-rundfunk.de\/wordpress\/index.php?rest_route=%2Fwp%2Fv2%2Ftags&post=510"}],"curies":[{"name":"wp","href":"https:\/\/api.w.org\/{rel}","templated":true}]}}