{"id":500,"date":"2018-02-15T16:02:41","date_gmt":"2018-02-15T15:02:41","guid":{"rendered":"http:\/\/www.agra-rundfunk.de\/wordpress\/?p=500"},"modified":"2018-02-15T16:02:41","modified_gmt":"2018-02-15T15:02:41","slug":"nein-zu-nobillag-solidaritaet-mit-den-schweizer-kolleginnen-und-kollegen","status":"publish","type":"post","link":"http:\/\/www.agra-rundfunk.de\/wordpress\/?p=500","title":{"rendered":"Nein zu NoBillag: Solidarit\u00e4t mit den Schweizer Kolleginnen und Kollegen"},"content":{"rendered":"<p>In der Schweiz droht durch eine Volksabstimmung Anfang M\u00e4rz die Abschaffung des \u00f6ffentlich-rechtlichen Rundfunks. Die AGRA (Arbeitsgemeinschaft der Redakteursaussch\u00fcsse von ARD, ZDF, Deutschlandradio und Deutscher Welle) erkl\u00e4rt ihre Solidarit\u00e4t mit den Schweizer Kolleginnen und Kollegen.<\/p>\n<p>Eine Investition in den \u00f6ffentlich-rechtlichen Rundfunk ist immer auch eine Investition in die Demokratie und die pluralistische Gesellschaft. Die AGRA ist der Meinung, dass kein Mensch, dem etwas an einer freiheitlich-demokratischen Grundordnung liegt, eine Verschlechterung des Informationsangebotes, wie sie in der Schweiz droht, hinnehmen kann. Erst recht nicht in Zeiten, in denen Fake News und gezielte Manipulation der Meinung auf dem Vormarsch sind.<\/p>\n<p>Seit ihrer Gr\u00fcndung hat die SRG SSR in der Schweiz dazu beigetragen, aus den vier Regionen mit unterschiedlichen Sprachen ein Land zu machen, Br\u00fccken zu bauen, Minderheiten zu Wort kommen zu lassen. Populisten versuchen nun, dieses f\u00fcr sie unbequeme System zu zerst\u00f6ren, das unabh\u00e4ngig berichtet.<\/p>\n<p>Wer auf den kurzfristigen finanziellen Vorteil schielt, ignoriert die langfristigen Auswirkungen. Investigative Recherchen betreiben, Orientierung bieten, Einordnen, einen Gegenpol bilden \u2013 all das w\u00fcrde bei einem Ja der Schweizer zur No-Billag-Initiative deutlich eingeschr\u00e4nkt.<\/p>\n<p>Wir hoffen, dass unsere Schweizer Kolleginnen und Kollegen bei der Abstimmung am 4. M\u00e4rz das Vertrauen erhalten.<\/p>\n<p>AGRA &#8211; Arbeitsgemeinschaft der Redakteursaussch\u00fcsse von ARD, ZDF, Deutschlandradio und Deutscher Welle<br \/>\nSprecher: Gabriela Mirkovic (NDR), Hubert Krech (ZDF), Heike Bade (MDR)<br \/>\nKontakt: sprecher@agra-rundfunk.de<\/p>\n","protected":false},"excerpt":{"rendered":"<p>In der Schweiz droht durch eine Volksabstimmung Anfang M\u00e4rz die Abschaffung des \u00f6ffentlich-rechtlichen Rundfunks. Die AGRA (Arbeitsgemeinschaft der Redakteursaussch\u00fcsse von ARD, ZDF, Deutschlandradio und Deutscher Welle) erkl\u00e4rt ihre Solidarit\u00e4t mit den Schweizer Kolleginnen und Kollegen. Eine Investition in den \u00f6ffentlich-rechtlichen Rundfunk ist immer auch eine Investition in die Demokratie und die pluralistische Gesellschaft. Die AGRA &hellip; <\/p>\n<p class=\"link-more\"><a href=\"http:\/\/www.agra-rundfunk.de\/wordpress\/?p=500\" class=\"more-link\"><span class=\"screen-reader-text\">\u201eNein zu NoBillag: Solidarit\u00e4t mit den Schweizer Kolleginnen und Kollegen\u201c<\/span> weiterlesen<\/a><\/p>\n","protected":false},"author":8,"featured_media":0,"comment_status":"open","ping_status":"open","sticky":false,"template":"","format":"standard","meta":{"jetpack_post_was_ever_published":false,"_jetpack_newsletter_access":"","_jetpack_dont_email_post_to_subs":false,"_jetpack_newsletter_tier_id":0,"_jetpack_memberships_contains_paywalled_content":false,"_jetpack_memberships_contains_paid_content":false,"footnotes":"","jetpack_publicize_message":"","jetpack_publicize_feature_enabled":true,"jetpack_social_post_already_shared":true,"jetpack_social_options":{"image_generator_settings":{"template":"highway","default_image_id":0,"font":"","enabled":false},"version":2}},"categories":[1],"tags":[],"class_list":["post-500","post","type-post","status-publish","format-standard","hentry","category-uncategorized","entry"],"jetpack_publicize_connections":[],"jetpack_featured_media_url":"","jetpack_sharing_enabled":true,"jetpack_shortlink":"https:\/\/wp.me\/p5x4SE-84","_links":{"self":[{"href":"http:\/\/www.agra-rundfunk.de\/wordpress\/index.php?rest_route=\/wp\/v2\/posts\/500","targetHints":{"allow":["GET"]}}],"collection":[{"href":"http:\/\/www.agra-rundfunk.de\/wordpress\/index.php?rest_route=\/wp\/v2\/posts"}],"about":[{"href":"http:\/\/www.agra-rundfunk.de\/wordpress\/index.php?rest_route=\/wp\/v2\/types\/post"}],"author":[{"embeddable":true,"href":"http:\/\/www.agra-rundfunk.de\/wordpress\/index.php?rest_route=\/wp\/v2\/users\/8"}],"replies":[{"embeddable":true,"href":"http:\/\/www.agra-rundfunk.de\/wordpress\/index.php?rest_route=%2Fwp%2Fv2%2Fcomments&post=500"}],"version-history":[{"count":1,"href":"http:\/\/www.agra-rundfunk.de\/wordpress\/index.php?rest_route=\/wp\/v2\/posts\/500\/revisions"}],"predecessor-version":[{"id":501,"href":"http:\/\/www.agra-rundfunk.de\/wordpress\/index.php?rest_route=\/wp\/v2\/posts\/500\/revisions\/501"}],"wp:attachment":[{"href":"http:\/\/www.agra-rundfunk.de\/wordpress\/index.php?rest_route=%2Fwp%2Fv2%2Fmedia&parent=500"}],"wp:term":[{"taxonomy":"category","embeddable":true,"href":"http:\/\/www.agra-rundfunk.de\/wordpress\/index.php?rest_route=%2Fwp%2Fv2%2Fcategories&post=500"},{"taxonomy":"post_tag","embeddable":true,"href":"http:\/\/www.agra-rundfunk.de\/wordpress\/index.php?rest_route=%2Fwp%2Fv2%2Ftags&post=500"}],"curies":[{"name":"wp","href":"https:\/\/api.w.org\/{rel}","templated":true}]}}