{"id":461,"date":"2017-11-06T21:45:52","date_gmt":"2017-11-06T20:45:52","guid":{"rendered":"http:\/\/www.agra-rundfunk.de\/wordpress\/?p=461"},"modified":"2017-11-06T22:53:17","modified_gmt":"2017-11-06T21:53:17","slug":"agra-ist-gespraechsbereit","status":"publish","type":"post","link":"http:\/\/www.agra-rundfunk.de\/wordpress\/?p=461","title":{"rendered":"AGRA antwortet D\u00f6pfner"},"content":{"rendered":"<blockquote><p><em>Der Pr\u00e4sident des BDZV Dr. Mathias D\u00f6pfner hat der AGRA auf deren\u00a0<a href=\"http:\/\/wp.me\/p5x4SE-7k\">\u00a0&#8222;Frankfurter Erkl\u00e4rung&#8220;\u00a0<\/a>\u00a0einen <a href=\"https:\/\/www.bdzv.de\/nachrichten-und-service\/presse\/pressemitteilungen\/artikel\/detail\/bdzv-praesident-doepfner-oeffentlich-rechtliche-sender-und-private-verlage-brauchen-ueberlebensperspekt\/\">Offenen Brief <\/a>geschrieben. Hintergrund ist eine seit Monaten laufende Kampagne einiger Print-Medien gegen die \u00f6ffentlich-rechtlichen Sender. Hier nun die Antwort der Arbeitsgemeinschaft der \u00f6ffentlich-rechtlichen Redakteursaussch\u00fcsse:<\/em><\/p><\/blockquote>\n<p>Sehr geehrter Herr Pr\u00e4sident,<br \/>\nsehr geehrter Herr D\u00f6pfner,<\/p>\n<p>wir bedanken uns f\u00fcr Ihren Offenen Brief als Reaktion auf die Frankfurter Erkl\u00e4rung der Arbeitsgemeinschaft der \u00f6ffentlich-rechtlichen<br \/>\nRedakteursaussch\u00fcsse.<\/p>\n<p>Betonen m\u00f6chten wir, dass die Erkl\u00e4rung unserer Herbsttagung ausdr\u00fccklich an die Kolleginnen und Kollegen in den deutschen\u00a0Zeitungsredaktionen gerichtet war &#8211; also auf Arbeitsebene.<\/p>\n<p>Anlass unserer Erkl\u00e4rung war die Kampagne, die einige Print-Medien aus unserer Sicht unberechtigterweise seit Monaten gegen die<br \/>\n\u00f6ffentlich-rechtlichen Sender f\u00fchren.<\/p>\n<p>Medienpolitische Strategiediskussionen, die Sie unmittelbar daraus ableiten, werden &#8211; wie Sie in Ihrem Schreiben anf\u00fchren &#8211; von Ihnen seit geraumer Zeit auf anderer Ebene mit den Rundfunkanstalten gef\u00fchrt. Dort geh\u00f6ren Sie unserer Meinung nach auch hin.<\/p>\n<p>Uns ging es vor allem darum, als Journalistinnen und Journalisten von \u00f6ffentlich-rechtlichen Sendern die Bezeichnung &#8222;Staatsfunk&#8220;<br \/>\nentschieden zur\u00fcckzuweisen.<\/p>\n<p>Ihr &#8222;pers\u00f6nliches und \u00f6ffentliches&#8220; Gespr\u00e4chsangebot haben wir zur Kenntnis genommen, sind nach wie vor offen und gespannt, welchen Rahmen Sie daf\u00fcr w\u00e4hlen wollen.<\/p>\n<p>Mit freundlichen Gr\u00fc\u00dfen<\/p>\n<p>F\u00fcr die Arbeitsgemeinschaft \u00f6ffentlich-rechtlicher Redakteursaussch\u00fcsse<\/p>\n<p>&nbsp;<\/p>\n<p>Gabriela Mirkovic<br \/>\nHubert Krech<br \/>\nHeike Bade<\/p>\n<p>E-Mail: sprecher@agra-rundfunk.de<\/p>\n<p>www.agra-rundfunk.de<\/p>\n","protected":false},"excerpt":{"rendered":"<p>Der Pr\u00e4sident des BDZV Dr. Mathias D\u00f6pfner hat der AGRA auf deren\u00a0\u00a0&#8222;Frankfurter Erkl\u00e4rung&#8220;\u00a0\u00a0einen Offenen Brief geschrieben. Hintergrund ist eine seit Monaten laufende Kampagne einiger Print-Medien gegen die \u00f6ffentlich-rechtlichen Sender. Hier nun die Antwort der Arbeitsgemeinschaft der \u00f6ffentlich-rechtlichen Redakteursaussch\u00fcsse: Sehr geehrter Herr Pr\u00e4sident, sehr geehrter Herr D\u00f6pfner, wir bedanken uns f\u00fcr Ihren Offenen Brief als Reaktion &hellip; <\/p>\n<p class=\"link-more\"><a href=\"http:\/\/www.agra-rundfunk.de\/wordpress\/?p=461\" class=\"more-link\"><span class=\"screen-reader-text\">\u201eAGRA antwortet D\u00f6pfner\u201c<\/span> weiterlesen<\/a><\/p>\n","protected":false},"author":8,"featured_media":0,"comment_status":"open","ping_status":"open","sticky":false,"template":"","format":"standard","meta":{"jetpack_post_was_ever_published":false,"_jetpack_newsletter_access":"","_jetpack_dont_email_post_to_subs":false,"_jetpack_newsletter_tier_id":0,"_jetpack_memberships_contains_paywalled_content":false,"_jetpack_memberships_contains_paid_content":false,"footnotes":"","jetpack_publicize_message":"","jetpack_publicize_feature_enabled":true,"jetpack_social_post_already_shared":true,"jetpack_social_options":{"image_generator_settings":{"template":"highway","default_image_id":0,"font":"","enabled":false},"version":2}},"categories":[1],"tags":[],"class_list":["post-461","post","type-post","status-publish","format-standard","hentry","category-uncategorized","entry"],"jetpack_publicize_connections":[],"jetpack_featured_media_url":"","jetpack_sharing_enabled":true,"jetpack_shortlink":"https:\/\/wp.me\/p5x4SE-7r","_links":{"self":[{"href":"http:\/\/www.agra-rundfunk.de\/wordpress\/index.php?rest_route=\/wp\/v2\/posts\/461","targetHints":{"allow":["GET"]}}],"collection":[{"href":"http:\/\/www.agra-rundfunk.de\/wordpress\/index.php?rest_route=\/wp\/v2\/posts"}],"about":[{"href":"http:\/\/www.agra-rundfunk.de\/wordpress\/index.php?rest_route=\/wp\/v2\/types\/post"}],"author":[{"embeddable":true,"href":"http:\/\/www.agra-rundfunk.de\/wordpress\/index.php?rest_route=\/wp\/v2\/users\/8"}],"replies":[{"embeddable":true,"href":"http:\/\/www.agra-rundfunk.de\/wordpress\/index.php?rest_route=%2Fwp%2Fv2%2Fcomments&post=461"}],"version-history":[{"count":6,"href":"http:\/\/www.agra-rundfunk.de\/wordpress\/index.php?rest_route=\/wp\/v2\/posts\/461\/revisions"}],"predecessor-version":[{"id":468,"href":"http:\/\/www.agra-rundfunk.de\/wordpress\/index.php?rest_route=\/wp\/v2\/posts\/461\/revisions\/468"}],"wp:attachment":[{"href":"http:\/\/www.agra-rundfunk.de\/wordpress\/index.php?rest_route=%2Fwp%2Fv2%2Fmedia&parent=461"}],"wp:term":[{"taxonomy":"category","embeddable":true,"href":"http:\/\/www.agra-rundfunk.de\/wordpress\/index.php?rest_route=%2Fwp%2Fv2%2Fcategories&post=461"},{"taxonomy":"post_tag","embeddable":true,"href":"http:\/\/www.agra-rundfunk.de\/wordpress\/index.php?rest_route=%2Fwp%2Fv2%2Ftags&post=461"}],"curies":[{"name":"wp","href":"https:\/\/api.w.org\/{rel}","templated":true}]}}