{"id":454,"date":"2017-11-02T09:11:08","date_gmt":"2017-11-02T08:11:08","guid":{"rendered":"http:\/\/www.agra-rundfunk.de\/wordpress\/?p=454"},"modified":"2017-11-02T15:19:25","modified_gmt":"2017-11-02T14:19:25","slug":"von-journalisten-zu-journalisten-eine-gegenrede-ueber-gestoerte-bilder","status":"publish","type":"post","link":"http:\/\/www.agra-rundfunk.de\/wordpress\/?p=454","title":{"rendered":"Von Journalisten zu Journalisten \u2013 eine Gegenrede \u00fcber gest\u00f6rte Bilder"},"content":{"rendered":"<blockquote><p><strong>Frankfurter Erkl\u00e4rung<\/strong><\/p><\/blockquote>\n<p><em>Bei ihrer Herbsttagung in Frankfurt richten die Mitglieder der AGRA, der Arbeitsgemeinschaft der \u00f6ffentlich-rechtlichen Redakteursaussch\u00fcsse, einen dringenden Appell an ihre ZeitungskollegInnen. Hintergrund ist eine seit Monaten laufende Kampagne einiger Print-Medien gegen die \u00f6ffentlich-rechtlichen Sender. Die AGRA weist die Dauerkritik dieser deutschen Zeitungen an ihrer Arbeit entschieden zur\u00fcck:<\/em><\/p>\n<p>\u201eLiebe Kolleginnen und Kollegen in den Zeitungsredaktionen,<\/p>\n<p>wir f\u00fchlen uns diskreditiert, wenn Sie uns als Staatsfunk bezeichnen und uns damit unterstellen, dass wir uns politisch steuern lassen. Das ist komplett abwegig. Wir fragen uns, warum Sie mit solchen \u00c4u\u00dferungen unsere Arbeit verunglimpfen und sich damit selbst in die N\u00e4he von Rechtspopulisten stellen. Sie bedienen ein Klima, das uns JournalistInnen der \u00f6ffentlich-rechtlichen Medien an den Pranger stellen soll.<\/p>\n<p>K\u00f6nnen Sie uns mal erkl\u00e4ren, warum wir als verantwortungsvolle JournalistInnen in diesen Zeiten nicht zusammenhalten gegen Fake News und populistische Parolen? Wer soll denn die Br\u00fccken bauen zwischen auseinander fallenden Teilen der Gesellschaft, wenn nicht wir JournalistInnen \u2013 sowohl in Zeitungen als auch \u00f6ffentlich-rechtlichen Sendern als Vermittler von profund recherchierten Informationen?<\/p>\n<p>Liebe Kolleginnen und Kollegen, f\u00e4llt es Ihnen eigentlich nicht auf, dass Sie mit dieser Kampagne auch den Journalismus insgesamt besch\u00e4digen?<\/p>\n<p>F\u00fcr sachliche und konstruktive Kritik sind wir jederzeit offen!<\/p>\n<p>Ihre \u00f6ffentlich-rechtlichen KollegInnen von ARD, ZDF und Deutschlandradio<\/p>\n<p><a href=\"mailto:sprecher@agra-rundfunk.de\">Sprecher@agra-rundfunk.de<\/a><\/p>\n","protected":false},"excerpt":{"rendered":"<p>Frankfurter Erkl\u00e4rung Bei ihrer Herbsttagung in Frankfurt richten die Mitglieder der AGRA, der Arbeitsgemeinschaft der \u00f6ffentlich-rechtlichen Redakteursaussch\u00fcsse, einen dringenden Appell an ihre ZeitungskollegInnen. Hintergrund ist eine seit Monaten laufende Kampagne einiger Print-Medien gegen die \u00f6ffentlich-rechtlichen Sender. Die AGRA weist die Dauerkritik dieser deutschen Zeitungen an ihrer Arbeit entschieden zur\u00fcck: \u201eLiebe Kolleginnen und Kollegen in den &hellip; <\/p>\n<p class=\"link-more\"><a href=\"http:\/\/www.agra-rundfunk.de\/wordpress\/?p=454\" class=\"more-link\"><span class=\"screen-reader-text\">\u201eVon Journalisten zu Journalisten \u2013 eine Gegenrede \u00fcber gest\u00f6rte Bilder\u201c<\/span> weiterlesen<\/a><\/p>\n","protected":false},"author":8,"featured_media":0,"comment_status":"open","ping_status":"open","sticky":false,"template":"","format":"standard","meta":{"jetpack_post_was_ever_published":false,"_jetpack_newsletter_access":"","_jetpack_dont_email_post_to_subs":false,"_jetpack_newsletter_tier_id":0,"_jetpack_memberships_contains_paywalled_content":false,"_jetpack_memberships_contains_paid_content":false,"footnotes":"","jetpack_publicize_message":"","jetpack_publicize_feature_enabled":true,"jetpack_social_post_already_shared":true,"jetpack_social_options":{"image_generator_settings":{"template":"highway","default_image_id":0,"font":"","enabled":false},"version":2}},"categories":[1],"tags":[],"class_list":["post-454","post","type-post","status-publish","format-standard","hentry","category-uncategorized","entry"],"jetpack_publicize_connections":[],"jetpack_featured_media_url":"","jetpack_sharing_enabled":true,"jetpack_shortlink":"https:\/\/wp.me\/p5x4SE-7k","_links":{"self":[{"href":"http:\/\/www.agra-rundfunk.de\/wordpress\/index.php?rest_route=\/wp\/v2\/posts\/454","targetHints":{"allow":["GET"]}}],"collection":[{"href":"http:\/\/www.agra-rundfunk.de\/wordpress\/index.php?rest_route=\/wp\/v2\/posts"}],"about":[{"href":"http:\/\/www.agra-rundfunk.de\/wordpress\/index.php?rest_route=\/wp\/v2\/types\/post"}],"author":[{"embeddable":true,"href":"http:\/\/www.agra-rundfunk.de\/wordpress\/index.php?rest_route=\/wp\/v2\/users\/8"}],"replies":[{"embeddable":true,"href":"http:\/\/www.agra-rundfunk.de\/wordpress\/index.php?rest_route=%2Fwp%2Fv2%2Fcomments&post=454"}],"version-history":[{"count":4,"href":"http:\/\/www.agra-rundfunk.de\/wordpress\/index.php?rest_route=\/wp\/v2\/posts\/454\/revisions"}],"predecessor-version":[{"id":459,"href":"http:\/\/www.agra-rundfunk.de\/wordpress\/index.php?rest_route=\/wp\/v2\/posts\/454\/revisions\/459"}],"wp:attachment":[{"href":"http:\/\/www.agra-rundfunk.de\/wordpress\/index.php?rest_route=%2Fwp%2Fv2%2Fmedia&parent=454"}],"wp:term":[{"taxonomy":"category","embeddable":true,"href":"http:\/\/www.agra-rundfunk.de\/wordpress\/index.php?rest_route=%2Fwp%2Fv2%2Fcategories&post=454"},{"taxonomy":"post_tag","embeddable":true,"href":"http:\/\/www.agra-rundfunk.de\/wordpress\/index.php?rest_route=%2Fwp%2Fv2%2Ftags&post=454"}],"curies":[{"name":"wp","href":"https:\/\/api.w.org\/{rel}","templated":true}]}}