{"id":399,"date":"2016-04-16T22:51:16","date_gmt":"2016-04-16T21:51:16","guid":{"rendered":"http:\/\/blog.agra-rundfunk.de\/?p=399"},"modified":"2016-04-16T22:54:09","modified_gmt":"2016-04-16T21:54:09","slug":"eu-richtlinie-behindert-journalisten-und-whistleblower","status":"publish","type":"post","link":"http:\/\/www.agra-rundfunk.de\/wordpress\/?p=399","title":{"rendered":"EU-Richtlinie behindert Journalisten und Whistleblower"},"content":{"rendered":"<p>Die Redakteursaussch\u00fcsse von ARD, ZDF, Deutschlandradio und Deutscher Welle (AGRA) lehnen die geplante EU Richtlinie zum Schutz von Gesch\u00e4ftsgeheimnissen (1) ab. Wir fordern die EU-Parlamentarier auf, am Donnerstag, den 14.4.16 gegen die Richtlinie zu stimmen. Sie ist geeignet die journalistischen Recherchem\u00f6glichkeiten einzuschr\u00e4nken, Journalisten einzusch\u00fcchtern und die redaktionelle Arbeit durch hohe Kostenrisiken zu behindern.<\/p>\n<p>Die Aufdeckung und journalistische Aufarbeitung von Missst\u00e4nden und Skandalen, wie Lux Leaks, die VW-Abgasaff\u00e4re oder dem Gammelfleisch-Skandal, w\u00e4ren mit der vorgesehenen Richtlinie erschwert oder nicht m\u00f6glich gewesen.<\/p>\n<p>Nach der neuen Richtlinie w\u00e4re es Unternehmen allein \u00fcberlassen, welche Informationen als Gesch\u00e4ftsgeheimnisse zu definieren sind. Und zwar ohne, dass es auf ein objektives, berechtigtes Geheimhaltungsinteresse ankommt. Die vorgesehene Beweislastumkehr w\u00fcrde Unternehmen von jeder Nachweispflicht befreien, dass tats\u00e4chlich ein schutzw\u00fcrdiges Rechtsgut verletzt ist. In der Folge k\u00f6nnte jede Recherche verz\u00f6gert oder verhindert werden.<\/p>\n<p>Die Arbeitsgemeinschaft der Redakteursaussch\u00fcsse (AGRA) unterst\u00fctzt deshalb auch die Petition \u201eWhistleblower in Gefahr\u201c auf wemove.eu<\/p>\n<p>https:\/\/act.wemove.eu\/campaigns\/whistleblower_schuetzen .<\/p>\n<p>(1) Im Wortlaut der Kommission \u201cRichtlinie \u00fcber den Schutz vertraulichen Know-hows und vertraulicher Gesch\u00e4ftsinformationen (Gesch\u00e4ftsgeheimnisse) vor rechtswidrigem Erwerb sowie rechtswidriger Nutzung und Offenlegung\u201c<\/p>\n","protected":false},"excerpt":{"rendered":"<p>Die Redakteursaussch\u00fcsse von ARD, ZDF, Deutschlandradio und Deutscher Welle (AGRA) lehnen die geplante EU Richtlinie zum Schutz von Gesch\u00e4ftsgeheimnissen (1) ab. Wir fordern die EU-Parlamentarier auf, am Donnerstag, den 14.4.16 gegen die Richtlinie zu stimmen. Sie ist geeignet die journalistischen Recherchem\u00f6glichkeiten einzuschr\u00e4nken, Journalisten einzusch\u00fcchtern und die redaktionelle Arbeit durch hohe Kostenrisiken zu behindern. Die Aufdeckung &hellip; <\/p>\n<p class=\"link-more\"><a href=\"http:\/\/www.agra-rundfunk.de\/wordpress\/?p=399\" class=\"more-link\"><span class=\"screen-reader-text\">\u201eEU-Richtlinie behindert Journalisten und Whistleblower\u201c<\/span> weiterlesen<\/a><\/p>\n","protected":false},"author":4,"featured_media":0,"comment_status":"open","ping_status":"open","sticky":false,"template":"","format":"standard","meta":{"jetpack_post_was_ever_published":false,"_jetpack_newsletter_access":"","_jetpack_dont_email_post_to_subs":false,"_jetpack_newsletter_tier_id":0,"_jetpack_memberships_contains_paywalled_content":false,"_jetpack_memberships_contains_paid_content":false,"footnotes":"","jetpack_publicize_message":"","jetpack_publicize_feature_enabled":true,"jetpack_social_post_already_shared":true,"jetpack_social_options":{"image_generator_settings":{"template":"highway","default_image_id":0,"font":"","enabled":false},"version":2}},"categories":[1],"tags":[],"class_list":["post-399","post","type-post","status-publish","format-standard","hentry","category-uncategorized","entry"],"jetpack_publicize_connections":[],"jetpack_featured_media_url":"","jetpack_sharing_enabled":true,"jetpack_shortlink":"https:\/\/wp.me\/p5x4SE-6r","_links":{"self":[{"href":"http:\/\/www.agra-rundfunk.de\/wordpress\/index.php?rest_route=\/wp\/v2\/posts\/399","targetHints":{"allow":["GET"]}}],"collection":[{"href":"http:\/\/www.agra-rundfunk.de\/wordpress\/index.php?rest_route=\/wp\/v2\/posts"}],"about":[{"href":"http:\/\/www.agra-rundfunk.de\/wordpress\/index.php?rest_route=\/wp\/v2\/types\/post"}],"author":[{"embeddable":true,"href":"http:\/\/www.agra-rundfunk.de\/wordpress\/index.php?rest_route=\/wp\/v2\/users\/4"}],"replies":[{"embeddable":true,"href":"http:\/\/www.agra-rundfunk.de\/wordpress\/index.php?rest_route=%2Fwp%2Fv2%2Fcomments&post=399"}],"version-history":[{"count":2,"href":"http:\/\/www.agra-rundfunk.de\/wordpress\/index.php?rest_route=\/wp\/v2\/posts\/399\/revisions"}],"predecessor-version":[{"id":401,"href":"http:\/\/www.agra-rundfunk.de\/wordpress\/index.php?rest_route=\/wp\/v2\/posts\/399\/revisions\/401"}],"wp:attachment":[{"href":"http:\/\/www.agra-rundfunk.de\/wordpress\/index.php?rest_route=%2Fwp%2Fv2%2Fmedia&parent=399"}],"wp:term":[{"taxonomy":"category","embeddable":true,"href":"http:\/\/www.agra-rundfunk.de\/wordpress\/index.php?rest_route=%2Fwp%2Fv2%2Fcategories&post=399"},{"taxonomy":"post_tag","embeddable":true,"href":"http:\/\/www.agra-rundfunk.de\/wordpress\/index.php?rest_route=%2Fwp%2Fv2%2Ftags&post=399"}],"curies":[{"name":"wp","href":"https:\/\/api.w.org\/{rel}","templated":true}]}}