{"id":37,"date":"2010-08-18T13:08:23","date_gmt":"2010-08-18T12:08:23","guid":{"rendered":"http:\/\/blog.agra-rundfunk.de\/?p=37"},"modified":"2010-08-18T17:37:49","modified_gmt":"2010-08-18T16:37:49","slug":"37","status":"publish","type":"post","link":"http:\/\/www.agra-rundfunk.de\/wordpress\/?p=37","title":{"rendered":"Reaktionen auf die Saarbr\u00fccker Erkl\u00e4rung"},"content":{"rendered":"<p>Auf die <a href=\"http:\/\/blog.agra-rundfunk.de\/?p=35\">Saarbr\u00fccker Erkl\u00e4rung<\/a> der AGRA gab es drei Reaktionen.<\/p>\n<ol>\n<li>Der Personalratsvorsitzende von Radio Bremen, Bernd Graul, weist darauf hin, dass der in der Erkl\u00e4rung so genannte Dialog zu einem Trialog fortentwickelt werden sollte, da einige Regelungen tariflicher Abmachungen bed\u00fcrfen.<\/li>\n<li>Der ARD-Vorsitzende Peter Boudgust (SWR) schrieb per Mail, der er den &#8222;Leitfaden Rohmaterial und ungesendetes Material&#8220; als PDF beif\u00fcgte:<br \/>\n<blockquote><p>Sehr geehrter Herr Berg,<br \/>\nf\u00fcr die \u00dcbermittlung der Saarbr\u00fccker Erkl\u00e4rung der Arbeitsgemeinschaft der \u00f6ffentlich-rechtlichen Redakteursaussch\u00fcsse danke ich und m\u00f6chte Ihnen hierauf, auch im Namen meiner Amtskolleginnen und -kollegen wie folgt antworten.<\/p>\n<p>Ich habe gro\u00dfe Sympathie f\u00fcr Ihren Standpunkt, dass die Chancen einer st\u00e4rkeren Vernetzung unserer Ausspielwege genutzt werden m\u00fcssen, ohne dass dabei die journalistische Qualit\u00e4t unserer Angebote leidet. Es muss ja das Interesse und Ziel einer solchen Vernetzung sein, dass das Angebot verbessert und nicht verschlechtert wird.<\/p>\n<p>Ich stimme mit Ihnen auch darin \u00fcberein, dass aus der technischen Verf\u00fcgbarkeit des Materials nicht hergeleitet werden darf, dass andere Autoren sich hier schrankenlos f\u00fcr eigene Beitr\u00e4ge bedienen k\u00f6nnen. Soweit Sie allerdings aus dem Urheberrecht ein Recht des ersten Bearbeiterzugriffs und ein Bestimmungsrecht f\u00fcr denjenigen fordern, der das Material recherchiert hat, muss ich Ihnen widersprechen. Niemand soll unter Berufung auf seine Urheberschaft verbieten d\u00fcrfen, dass die von ihm recherchierten Informationen oder aufgenommenen O-T\u00f6ne durch andere Kolleginnen und Kollegen in einem anderen Programm gesendet werden. Das Material  und die daran bestehenden Rechte einschlie\u00dflich der Bearbeitung geh\u00f6ren der Rundfunkanstalt und nicht (mehr) dem Urheber oder der Redaktion, der er angeh\u00f6rt. Es ist nicht mehr zu vertreten, dass mehrere Reporterteams dieselbe Arbeit machen oder dass Informationen nicht rechtzeitig \u00fcber den Sender gehen, weil im Sender vorhandenes Material nicht entsprechend genutzt wird. Material muss zwischen den Redaktionen intensiv ausgetauscht und auf allen Sendepl\u00e4tzen gespielt werden, auf denen es ben\u00f6tigt wird. Aber das stellen Sie ja gar nicht in Frage, sondern fordern verbindliche Spielregeln f\u00fcr die \u00dcbernahme. Und hier bin ich wieder bei Ihnen.<\/p>\n<p>Ich darf darauf verweisen, dass es z.B. im SWR bereits seit dem Jahr 2007 einen verbindlichen &#8222;Leitfaden zum Umgang mit Rohmaterial bzw. ungesendetem Material im SWR&#8220; gibt, wonach als Grundregel gilt, dass Rechercheergebnisse, Beitr\u00e4ge oder O-T\u00f6ne nur nach vorheriger Absprache mit der herstellenden Redaktion verwendet werden d\u00fcrfen, wobei die Nutzung des Materials jedoch nur aus wichtigen Gr\u00fcnden, die im Leitfaden beispielhaft genannt werden, abgelehnt werden darf.<\/p>\n<p>Gerne \u00fcberlasse ich Ihnen diesen <a href=\"http:\/\/www.agra-rundfunk.de\/wordpress\/wp-content\/uploads\/2010\/08\/Leitfaden-Rohmaterial-und-ungesendetes-Material.pdf\">Leitfaden in der Anlage (pdf)<\/a> zu diesem Schreiben.<\/p>\n<p>Mit freundlichen Gr\u00fc\u00dfen<\/p>\n<p>Peter Boudgoust<br \/>\nARD-Vorsitzender<br \/>\nS\u00fcdwestrundfunk<\/p><\/blockquote>\n<\/li>\n<li>Der Intendant des NDR, Lutz Marmor, erl\u00e4utert in seinem <a href=\"http:\/\/www.agra-rundfunk.de\/wordpress\/wp-content\/uploads\/2010\/08\/NDR_SaarbrueckerE.pdf\">Schreiben (pdf)<\/a> die Haltung des NDR, der in einer Vereinbarung den fairen Austausch von Material und Informationen geregelt hat. Besonders weist der Intendant auf die Vorteile hin, die mit der B\u00fcndelung von Recherchen einhergeht.<\/li>\n<\/ol>\n","protected":false},"excerpt":{"rendered":"<p>Auf die Saarbr\u00fccker Erkl\u00e4rung der AGRA gab es drei Reaktionen. Der Personalratsvorsitzende von Radio Bremen, Bernd Graul, weist darauf hin, dass der in der Erkl\u00e4rung so genannte Dialog zu einem Trialog fortentwickelt werden sollte, da einige Regelungen tariflicher Abmachungen bed\u00fcrfen. Der ARD-Vorsitzende Peter Boudgust (SWR) schrieb per Mail, der er den &#8222;Leitfaden Rohmaterial und ungesendetes &hellip; <\/p>\n<p class=\"link-more\"><a href=\"http:\/\/www.agra-rundfunk.de\/wordpress\/?p=37\" class=\"more-link\"><span class=\"screen-reader-text\">\u201eReaktionen auf die Saarbr\u00fccker Erkl\u00e4rung\u201c<\/span> weiterlesen<\/a><\/p>\n","protected":false},"author":3,"featured_media":0,"comment_status":"open","ping_status":"open","sticky":false,"template":"","format":"standard","meta":{"jetpack_post_was_ever_published":false,"_jetpack_newsletter_access":"","_jetpack_dont_email_post_to_subs":false,"_jetpack_newsletter_tier_id":0,"_jetpack_memberships_contains_paywalled_content":false,"_jetpack_memberships_contains_paid_content":false,"footnotes":"","jetpack_publicize_message":"","jetpack_publicize_feature_enabled":true,"jetpack_social_post_already_shared":false,"jetpack_social_options":{"image_generator_settings":{"template":"highway","default_image_id":0,"font":"","enabled":false},"version":2}},"categories":[3,9,10,11,12],"tags":[],"class_list":["post-37","post","type-post","status-publish","format-standard","hentry","category-agra","category-ard","category-ndr","category-radio-bremen","category-swr","entry"],"jetpack_publicize_connections":[],"jetpack_featured_media_url":"","jetpack_sharing_enabled":true,"jetpack_shortlink":"https:\/\/wp.me\/s5x4SE-37","_links":{"self":[{"href":"http:\/\/www.agra-rundfunk.de\/wordpress\/index.php?rest_route=\/wp\/v2\/posts\/37","targetHints":{"allow":["GET"]}}],"collection":[{"href":"http:\/\/www.agra-rundfunk.de\/wordpress\/index.php?rest_route=\/wp\/v2\/posts"}],"about":[{"href":"http:\/\/www.agra-rundfunk.de\/wordpress\/index.php?rest_route=\/wp\/v2\/types\/post"}],"author":[{"embeddable":true,"href":"http:\/\/www.agra-rundfunk.de\/wordpress\/index.php?rest_route=\/wp\/v2\/users\/3"}],"replies":[{"embeddable":true,"href":"http:\/\/www.agra-rundfunk.de\/wordpress\/index.php?rest_route=%2Fwp%2Fv2%2Fcomments&post=37"}],"version-history":[{"count":13,"href":"http:\/\/www.agra-rundfunk.de\/wordpress\/index.php?rest_route=\/wp\/v2\/posts\/37\/revisions"}],"predecessor-version":[{"id":53,"href":"http:\/\/www.agra-rundfunk.de\/wordpress\/index.php?rest_route=\/wp\/v2\/posts\/37\/revisions\/53"}],"wp:attachment":[{"href":"http:\/\/www.agra-rundfunk.de\/wordpress\/index.php?rest_route=%2Fwp%2Fv2%2Fmedia&parent=37"}],"wp:term":[{"taxonomy":"category","embeddable":true,"href":"http:\/\/www.agra-rundfunk.de\/wordpress\/index.php?rest_route=%2Fwp%2Fv2%2Fcategories&post=37"},{"taxonomy":"post_tag","embeddable":true,"href":"http:\/\/www.agra-rundfunk.de\/wordpress\/index.php?rest_route=%2Fwp%2Fv2%2Ftags&post=37"}],"curies":[{"name":"wp","href":"https:\/\/api.w.org\/{rel}","templated":true}]}}