{"id":330,"date":"2014-12-11T12:40:52","date_gmt":"2014-12-11T11:40:52","guid":{"rendered":"http:\/\/blog.agra-rundfunk.de\/?p=330"},"modified":"2014-12-11T12:46:04","modified_gmt":"2014-12-11T11:46:04","slug":"330","status":"publish","type":"post","link":"http:\/\/www.agra-rundfunk.de\/wordpress\/?p=330","title":{"rendered":"DW-Mitarbeiter entsetzt \u00fcber Kontroverse mit RoG"},"content":{"rendered":"<p><span style=\"font-family: sans-serif; font-size: small;\">Die Kontroverse \u00fcber die Ausrichtung der China-Strategie der Deutschen Welle zieht weitere Kreise. <\/span><span style=\"font-family: sans-serif; font-size: small;\">Der Vorstand von &#8222;Reporter ohne Grenzen&#8220; sieht die vertraglich angestrebte Kooperation der Deutschen Welle mit dem chinesischen Sender CCTV im Widerspruch zum Mandat seiner Organisation. DW-Intendant Peter Limbourg <span style=\"font-family: sans-serif; font-size: small;\">hat das Kuratorium der Organisation Reporter ohne Grenzen nach einer entsprechenden Aufforderung verlassen ( siehe SZ vom 4.12.). <\/span><\/span><br \/>\n<span style=\"font-family: sans-serif; font-size: small;\">Viele Mitarbeiter der DW zeigten sich dar\u00fcber entsetzt und haben sich an den Redakteursausschuss der DW gewandt. Das Ergebnis waren zwei <\/span><span style=\"font-family: sans-serif; font-size: small;\">Schreiben an Intendant Limbourg und den Vorstand von Reporter ohne Grenzen, die wir hier dokumentieren.<\/span><\/p>\n<blockquote><p>Sehr geehrter Herr Limbourg,<\/p>\n<p>die Kontroverse zwischen Ihnen und dem Vorstand von Reporter ohne Grenzen hat viele Redakteure in unserem Haus alarmiert.<\/p>\n<p>Ohne die Umst\u00e4nde Ihres \u201eAusschlusses\u201c bewerten zu wollen, sehen wir uns veranlasst, auf die jahrelange erfolgreiche Zusammenarbeit zwischen der DW und ROG hinzuweisen. Dies gilt insbesondere f\u00fcr die Kooperation bei den Bobs, beim Global Media Forum und bei der Unterst\u00fctzung von durch staatliche Repression bedrohter Journalisten. Erst j\u00fcngst hat sich die Organisation vehement f\u00fcr die inhaftierte chinesische Kollegin Gao Yu eingesetzt, die ja auch f\u00fcr die Deutsche Welle t\u00e4tig war.<\/p>\n<p>Wir m\u00f6chten Sie heute daher auffordern, die inhaltliche Kooperation der DW mit Reporter ohne Grenzen in allen genannten Bereichen ebenso fortzusetzen wie die F\u00f6rdermitglied\u00adschaft, ungeachtet Ihres R\u00fcckzugs aus dem Kuratorium von Reporter ohne Grenzen.<\/p>\n<p>Viele Kollegen sind in den letzten Tagen ROG beigetreten. Wir sehen darin ein klares Zei\u00adchen der Unterst\u00fctzung f\u00fcr die Ziele der Organisation, dem Sie sich nicht verschlie\u00dfen soll\u00adten.<\/p>\n<p>Mit freundlichen Gr\u00fc\u00dfen<\/p>\n<p>Der Redakteursausschuss<\/p>\n<p>Rainer Esser, Nancy Isenson, Dr. Bettina Marx, Kate M\u00fcser, Daniel Scheschkewitz<\/p>\n<p>Bonn\/Berlin, den 9.12.14<\/p>\n<p>&nbsp;<\/p>\n<p>&nbsp;<\/p><\/blockquote>\n<blockquote><p>An den Vorstand von<br \/>\nReporter ohne Grenzen<br \/>\nAn den Gesch\u00e4ftsf\u00fchrer Christian Mihr Bonn\/Berlin, den 9.12.14<\/p>\n<p>Sehr geehrte Vorstandsmitglieder, sehr geehrter Herr Mihr,<\/p>\n<p>vielen Dank f\u00fcr Ihr Schreiben vom 8.12.14 und die darin enthaltenen Erl\u00e4uterungen.<br \/>\nDer Redakteursausschuss der DW hat das, was Sie die \u201eNeuausrichtung der China-Strategie\u201c nennen, in der Vergangenheit wiederholt kritisiert. So hat es zum Beispiel am 5.November ein Gespr\u00e4ch mit dem DW-Kolumnisten Frank Sieren gegeben, bei dem dieser f\u00fcr seine \u2013aus unserer Sicht- bagatellisierende Darstellung des Massakers auf dem Platz des Himmlischen Friedens im Juni 1989 in der DW scharf kritisiert wurde.<br \/>\nIntendant Limbourg hat uns in der Zwischenzeit zugesichert, dass sich die China-Redaktion der DW \u2013 wie der Sender insgesamt- auch weiterhin als \u201eStimme der Freiheit\u201c versteht und kritisch zu Menschrechtsverst\u00f6\u00dfen in aller Welt \u00e4u\u00dfern werde.<br \/>\nWir nehmen den Intendanten beim Wort und haben ihn heute zur Fortsetzung der inhaltlichen Zusammenarbeit mit Reporter ohne Grenzen aufgefordert.<br \/>\nEine Kopie des Schreibens an Herrn Limbourg ist beigef\u00fcgt.<\/p>\n<p>Mit freundlichen Gr\u00fc\u00dfen<\/p>\n<p>F\u00fcr den Redakteursausschuss der DW<\/p>\n<p>Rainer Esser, Nancy Isenson, Dr.Bettina Marx, Kate M\u00fcser, Daniel Scheschkewitz<\/p><\/blockquote>\n","protected":false},"excerpt":{"rendered":"<p>Die Kontroverse \u00fcber die Ausrichtung der China-Strategie der Deutschen Welle zieht weitere Kreise. Der Vorstand von &#8222;Reporter ohne Grenzen&#8220; sieht die vertraglich angestrebte Kooperation der Deutschen Welle mit dem chinesischen Sender CCTV im Widerspruch zum Mandat seiner Organisation. DW-Intendant Peter Limbourg hat das Kuratorium der Organisation Reporter ohne Grenzen nach einer entsprechenden Aufforderung verlassen ( &hellip; <\/p>\n<p class=\"link-more\"><a href=\"http:\/\/www.agra-rundfunk.de\/wordpress\/?p=330\" class=\"more-link\"><span class=\"screen-reader-text\">\u201eDW-Mitarbeiter entsetzt \u00fcber Kontroverse mit RoG\u201c<\/span> weiterlesen<\/a><\/p>\n","protected":false},"author":3,"featured_media":0,"comment_status":"open","ping_status":"open","sticky":false,"template":"","format":"standard","meta":{"jetpack_post_was_ever_published":false,"_jetpack_newsletter_access":"","_jetpack_dont_email_post_to_subs":false,"_jetpack_newsletter_tier_id":0,"_jetpack_memberships_contains_paywalled_content":false,"_jetpack_memberships_contains_paid_content":false,"footnotes":"","jetpack_publicize_message":"","jetpack_publicize_feature_enabled":true,"jetpack_social_post_already_shared":false,"jetpack_social_options":{"image_generator_settings":{"template":"highway","default_image_id":0,"font":"","enabled":false},"version":2}},"categories":[23],"tags":[],"class_list":["post-330","post","type-post","status-publish","format-standard","hentry","category-dw","entry"],"jetpack_publicize_connections":[],"jetpack_featured_media_url":"","jetpack_sharing_enabled":true,"jetpack_shortlink":"https:\/\/wp.me\/s5x4SE-330","_links":{"self":[{"href":"http:\/\/www.agra-rundfunk.de\/wordpress\/index.php?rest_route=\/wp\/v2\/posts\/330","targetHints":{"allow":["GET"]}}],"collection":[{"href":"http:\/\/www.agra-rundfunk.de\/wordpress\/index.php?rest_route=\/wp\/v2\/posts"}],"about":[{"href":"http:\/\/www.agra-rundfunk.de\/wordpress\/index.php?rest_route=\/wp\/v2\/types\/post"}],"author":[{"embeddable":true,"href":"http:\/\/www.agra-rundfunk.de\/wordpress\/index.php?rest_route=\/wp\/v2\/users\/3"}],"replies":[{"embeddable":true,"href":"http:\/\/www.agra-rundfunk.de\/wordpress\/index.php?rest_route=%2Fwp%2Fv2%2Fcomments&post=330"}],"version-history":[{"count":4,"href":"http:\/\/www.agra-rundfunk.de\/wordpress\/index.php?rest_route=\/wp\/v2\/posts\/330\/revisions"}],"predecessor-version":[{"id":334,"href":"http:\/\/www.agra-rundfunk.de\/wordpress\/index.php?rest_route=\/wp\/v2\/posts\/330\/revisions\/334"}],"wp:attachment":[{"href":"http:\/\/www.agra-rundfunk.de\/wordpress\/index.php?rest_route=%2Fwp%2Fv2%2Fmedia&parent=330"}],"wp:term":[{"taxonomy":"category","embeddable":true,"href":"http:\/\/www.agra-rundfunk.de\/wordpress\/index.php?rest_route=%2Fwp%2Fv2%2Fcategories&post=330"},{"taxonomy":"post_tag","embeddable":true,"href":"http:\/\/www.agra-rundfunk.de\/wordpress\/index.php?rest_route=%2Fwp%2Fv2%2Ftags&post=330"}],"curies":[{"name":"wp","href":"https:\/\/api.w.org\/{rel}","templated":true}]}}