{"id":190,"date":"2012-10-26T16:53:16","date_gmt":"2012-10-26T15:53:16","guid":{"rendered":"http:\/\/blog.agra-rundfunk.de\/?p=190"},"modified":"2015-04-17T14:14:24","modified_gmt":"2015-04-17T13:14:24","slug":"kein-einzelfall","status":"publish","type":"post","link":"http:\/\/www.agra-rundfunk.de\/wordpress\/?p=190","title":{"rendered":"Kein Einzelfall"},"content":{"rendered":"<p>Nach dem R\u00fccktritt R\u00fcckkehr zum Alltag? Die Arbeitsgemeinschaft der \u00f6ffentlich-rechtlichen Redakteursaussch\u00fcsse (AGRA) warnt davor, den Versuch der Einflussnahme auf die Berichterstattung des ZDF zu verharmlosen. Zwar handelt es sich bei dem Vorgehen des bisherigen CSU-Pressesprechers um einen besonders dreisten Fall. Gleichwohl ist der Eindruck falsch, es handele sich um eine Ausnahme. <\/p>\n<p>Tats\u00e4chlich berichten die Kolleginnen und Kollegen von ARD und ZDF den Redakteursaussch\u00fcssen  immer wieder von \u00e4hnlichen \u00dcbergriffen \u2013 von Anrufen aus Parteizentralen und Staatskanzleien mit dem Ziel, missliebige Berichte zu verhindern. H\u00e4ufig erzielen diese Anrufe den erw\u00fcnschten Effekt und kommen nur deshalb nicht ans Licht, weil die betroffenen Kolleginnen und Kollegen massive pers\u00f6nliche Konsequenzen f\u00fcr sich f\u00fcrchten. Nur in seltenen F\u00e4llen werden diese Vorg\u00e4nge in den betreffenden H\u00e4usern aufgearbeitet. <\/p>\n<p>Die AGRA fordert deshalb die Intendanten, Direktoren und Redaktionsleiter von ARD und ZDF auf, sich in ihren Redaktionen unmissverst\u00e4ndlich zu der Unabh\u00e4ngigkeit der Berichterstattung zu bekennen und jeden Versuch zur\u00fcckzuweisen, die Berichterstattung zu beeinflussen. Die Glaubw\u00fcrdigkeit und der Bestand der \u00f6ffentlich-rechtlichen Rundfunkanstalten basieren auf ihrer Unabh\u00e4ngigkeit und der hohen Qualit\u00e4t der Berichterstattung. Werden diese Grunds\u00e4ulen geschw\u00e4cht, verlieren ARD und ZDF ihre Daseinsberechtigung. <\/p>\n<p>Wir erinnern an unsere <a href=\"http:\/\/blog.agra-rundfunk.de\/?p=124\" title=\"Das ist ja nochmal gut gegangen!\" target=\"_blank\">Erkl\u00e4rung vom September 2011<\/a> und stellen abermals fest, dass der staatliche Einfluss auf den \u00f6ffentlich-rechtlichen Rundfunk unver\u00e4ndert hoch ist. Staatskanzleien, Parteizentralen, Rundfunkr\u00e4te und Freundeskreise wirken in einer Weise auf die Berichterstattung ein, die im klaren Widerspruch zum Prinzip der Freiheit der Berichterstattung stehen. Eine Begrenzung des Einflusses der Parteien in den Kontrollgremien ist deshalb dringend geboten. <\/p>\n<p>Die AGRA dankt den Kolleginnen und Kollegen vom ZDF f\u00fcr ihre souver\u00e4ne Reaktion auf die versuchte Einflussnahme der CSU. Sie ermutigt uns, noch entschiedener f\u00fcr die Unabh\u00e4ngigkeit der Redakteure in den \u00f6ffentlich-rechtlichen Rundfunkanstalten einzutreten. Als ein wichtiges Instrument haben sich in vielen Anstalten staatsvertraglich verankerte Redaktionsstatute erwiesen. Starke Redakteursaussch\u00fcsse f\u00f6rdern die offene Debatte \u00fcber kritischen Journalismus und unterst\u00fctzen sie gerade da, wo einzelne Kolleginnen und Kollegen Angst vor offenem Widerspruch haben. Wir ermutigen deshalb diejenigen Rundfunkanstalten ohne Redaktionsstatut, sich den positiven Erfahrungen anderer H\u00e4user zu \u00f6ffnen. <\/p>\n<p><a href=\"http:\/\/de.wikipedia.org\/wiki\/Datei:AGRAanBVerfG.pdf\" title=\"PDF im Wikimedia\" target=\"_blank\">Stellungnahme der AGRA zum Normenkontrollantrag zum ZDF-Staatsvertrag<\/a><\/p>\n<p><a href=\"http:\/\/www.ndr.de\/fernsehen\/sendungen\/zapp\/politikereinfluss101.html\" title=\"Beitrag aus dem Medienmagazin Zapp\">S\u00f6der calling: Systemproblem bei ARD und ZDF?<\/a> (Zapp, 7.11.2012)<\/p>\n","protected":false},"excerpt":{"rendered":"<p>Nach dem R\u00fccktritt R\u00fcckkehr zum Alltag? Die Arbeitsgemeinschaft der \u00f6ffentlich-rechtlichen Redakteursaussch\u00fcsse (AGRA) warnt davor, den Versuch der Einflussnahme auf die Berichterstattung des ZDF zu verharmlosen. Zwar handelt es sich bei dem Vorgehen des bisherigen CSU-Pressesprechers um einen besonders dreisten Fall. Gleichwohl ist der Eindruck falsch, es handele sich um eine Ausnahme. Tats\u00e4chlich berichten die Kolleginnen &hellip; <\/p>\n<p class=\"link-more\"><a href=\"http:\/\/www.agra-rundfunk.de\/wordpress\/?p=190\" class=\"more-link\"><span class=\"screen-reader-text\">\u201eKein Einzelfall\u201c<\/span> weiterlesen<\/a><\/p>\n","protected":false},"author":3,"featured_media":0,"comment_status":"open","ping_status":"open","sticky":false,"template":"","format":"standard","meta":{"jetpack_post_was_ever_published":false,"_jetpack_newsletter_access":"","_jetpack_dont_email_post_to_subs":false,"_jetpack_newsletter_tier_id":0,"_jetpack_memberships_contains_paywalled_content":false,"_jetpack_memberships_contains_paid_content":false,"footnotes":"","jetpack_publicize_message":"","jetpack_publicize_feature_enabled":true,"jetpack_social_post_already_shared":false,"jetpack_social_options":{"image_generator_settings":{"template":"highway","default_image_id":0,"font":"","enabled":false},"version":2}},"categories":[3,5,7,17,24,22],"tags":[],"class_list":["post-190","post","type-post","status-publish","format-standard","hentry","category-agra","category-editorial","category-medienrecht","category-statut","category-stellungnahme","category-zdf","entry"],"jetpack_publicize_connections":[],"jetpack_featured_media_url":"","jetpack_sharing_enabled":true,"jetpack_shortlink":"https:\/\/wp.me\/p5x4SE-34","_links":{"self":[{"href":"http:\/\/www.agra-rundfunk.de\/wordpress\/index.php?rest_route=\/wp\/v2\/posts\/190","targetHints":{"allow":["GET"]}}],"collection":[{"href":"http:\/\/www.agra-rundfunk.de\/wordpress\/index.php?rest_route=\/wp\/v2\/posts"}],"about":[{"href":"http:\/\/www.agra-rundfunk.de\/wordpress\/index.php?rest_route=\/wp\/v2\/types\/post"}],"author":[{"embeddable":true,"href":"http:\/\/www.agra-rundfunk.de\/wordpress\/index.php?rest_route=\/wp\/v2\/users\/3"}],"replies":[{"embeddable":true,"href":"http:\/\/www.agra-rundfunk.de\/wordpress\/index.php?rest_route=%2Fwp%2Fv2%2Fcomments&post=190"}],"version-history":[{"count":6,"href":"http:\/\/www.agra-rundfunk.de\/wordpress\/index.php?rest_route=\/wp\/v2\/posts\/190\/revisions"}],"predecessor-version":[{"id":355,"href":"http:\/\/www.agra-rundfunk.de\/wordpress\/index.php?rest_route=\/wp\/v2\/posts\/190\/revisions\/355"}],"wp:attachment":[{"href":"http:\/\/www.agra-rundfunk.de\/wordpress\/index.php?rest_route=%2Fwp%2Fv2%2Fmedia&parent=190"}],"wp:term":[{"taxonomy":"category","embeddable":true,"href":"http:\/\/www.agra-rundfunk.de\/wordpress\/index.php?rest_route=%2Fwp%2Fv2%2Fcategories&post=190"},{"taxonomy":"post_tag","embeddable":true,"href":"http:\/\/www.agra-rundfunk.de\/wordpress\/index.php?rest_route=%2Fwp%2Fv2%2Ftags&post=190"}],"curies":[{"name":"wp","href":"https:\/\/api.w.org\/{rel}","templated":true}]}}