{"id":171,"date":"2012-03-14T14:09:49","date_gmt":"2012-03-14T13:09:49","guid":{"rendered":"http:\/\/blog.agra-rundfunk.de\/?p=171"},"modified":"2015-04-17T14:15:49","modified_gmt":"2015-04-17T13:15:49","slug":"agra-unterstutzt-die-radioretter","status":"publish","type":"post","link":"http:\/\/www.agra-rundfunk.de\/wordpress\/?p=171","title":{"rendered":"AGRA unterst\u00fctzt die Radioretter"},"content":{"rendered":"<p>Die AGRA verfolgt die gegenw\u00e4rtige Debatte um die k\u00fcnftige Entwicklung von WDR 3 mit Interesse und warnt davor, eine Reformdebatte \u00fcberwiegend an der Quote auszurichten. Gerade Kulturwellen erf\u00fcllen in besonderem Ma\u00dfe die Aufgabe des \u00f6ffentlich-rechtlichen Rundfunks, Medium und Faktor der freien Meinungsbildung zu sein.<\/p>\n<p>Wie schon in der <a href=\"http:\/\/blog.agra-rundfunk.de\/?p=136\">Bremer Erkl\u00e4rung<\/a> ausgef\u00fchrt, verfolgt die AGRA die Tendenz, Fachredaktionen aufzul\u00f6sen, mit Sorge. Die AGRA tritt daf\u00fcr ein, die Redakteure intensiv und von Anfang an in Reformprozesse einzubeziehen.<\/p>\n<p>Zustimmend registriert die AGRA die gro\u00dfe Resonanz auf die <a href=\"http:\/\/www.die-radioretter.de\/\">Initiative f\u00fcr Kultur im Rundfunk<\/a> in dem mehr als 15.000 Unterzeichner den Offenen Brief gegen die geplante Programmreform von WDR 3 unterst\u00fctzen. In dieser Reform sehen die Unterzeichner einen Abbau von kulturellen Inhalten, mit dem ein vermuteter Publikumsgeschmack bedient werden soll. Das Ausma\u00df der Emp\u00f6rung deutet in unseren Augen auf einen wachsenden Unmut mit der generellen Entwicklung des \u00f6ffentlich-rechtlichen Rundfunks hin. Wir werten den breiten Protest als Ausdruck daf\u00fcr, dass die Bedeutung \u00f6ffentlich-rechtlicher Programme auch bundesweit unvermindert besteht und sogar wieder wachsen d\u00fcrfte.<\/p>\n<p>Wir halten es f\u00fcr notwendig, die um den WDR begonnene Diskussion auch in den anderen Sendeanstalten des \u00f6ffentlich-rechtlichen Rundfunks aufzugreifen und fortzuf\u00fchren. Sie k\u00f6nnte L\u00e4hmungen und Blockaden \u00fcberwinden helfen, unter denen die Sender offenkundig leiden.<\/p>\n<p>Aus diesem Grund fordern wir Intendanz und H\u00f6rfunkdirektion des Westdeutschen Rundfunks zun\u00e4chst auf, den beabsichtigten Reformprozess von WDR 3 bis auf Weiteres ruhen zu lassen. Nur so kann die gro\u00dfe Chance wahrgenommen werden, eine offenbar notwendig gewordene \u00f6ffentliche und senderinterne Diskussion um die Zukunft der Programme konstruktiv zu f\u00fchren.<\/p>\n","protected":false},"excerpt":{"rendered":"<p>Die AGRA verfolgt die gegenw\u00e4rtige Debatte um die k\u00fcnftige Entwicklung von WDR 3 mit Interesse und warnt davor, eine Reformdebatte \u00fcberwiegend an der Quote auszurichten. Gerade Kulturwellen erf\u00fcllen in besonderem Ma\u00dfe die Aufgabe des \u00f6ffentlich-rechtlichen Rundfunks, Medium und Faktor der freien Meinungsbildung zu sein. Wie schon in der Bremer Erkl\u00e4rung ausgef\u00fchrt, verfolgt die AGRA die &hellip; <\/p>\n<p class=\"link-more\"><a href=\"http:\/\/www.agra-rundfunk.de\/wordpress\/?p=171\" class=\"more-link\"><span class=\"screen-reader-text\">\u201eAGRA unterst\u00fctzt die Radioretter\u201c<\/span> weiterlesen<\/a><\/p>\n","protected":false},"author":3,"featured_media":0,"comment_status":"open","ping_status":"open","sticky":false,"template":"","format":"standard","meta":{"jetpack_post_was_ever_published":false,"_jetpack_newsletter_access":"","_jetpack_dont_email_post_to_subs":false,"_jetpack_newsletter_tier_id":0,"_jetpack_memberships_contains_paywalled_content":false,"_jetpack_memberships_contains_paid_content":false,"footnotes":"","jetpack_publicize_message":"","jetpack_publicize_feature_enabled":true,"jetpack_social_post_already_shared":false,"jetpack_social_options":{"image_generator_settings":{"template":"highway","default_image_id":0,"font":"","enabled":false},"version":2}},"categories":[3,24,14],"tags":[],"class_list":["post-171","post","type-post","status-publish","format-standard","hentry","category-agra","category-stellungnahme","category-wdr","entry"],"jetpack_publicize_connections":[],"jetpack_featured_media_url":"","jetpack_sharing_enabled":true,"jetpack_shortlink":"https:\/\/wp.me\/p5x4SE-2L","_links":{"self":[{"href":"http:\/\/www.agra-rundfunk.de\/wordpress\/index.php?rest_route=\/wp\/v2\/posts\/171","targetHints":{"allow":["GET"]}}],"collection":[{"href":"http:\/\/www.agra-rundfunk.de\/wordpress\/index.php?rest_route=\/wp\/v2\/posts"}],"about":[{"href":"http:\/\/www.agra-rundfunk.de\/wordpress\/index.php?rest_route=\/wp\/v2\/types\/post"}],"author":[{"embeddable":true,"href":"http:\/\/www.agra-rundfunk.de\/wordpress\/index.php?rest_route=\/wp\/v2\/users\/3"}],"replies":[{"embeddable":true,"href":"http:\/\/www.agra-rundfunk.de\/wordpress\/index.php?rest_route=%2Fwp%2Fv2%2Fcomments&post=171"}],"version-history":[{"count":14,"href":"http:\/\/www.agra-rundfunk.de\/wordpress\/index.php?rest_route=\/wp\/v2\/posts\/171\/revisions"}],"predecessor-version":[{"id":356,"href":"http:\/\/www.agra-rundfunk.de\/wordpress\/index.php?rest_route=\/wp\/v2\/posts\/171\/revisions\/356"}],"wp:attachment":[{"href":"http:\/\/www.agra-rundfunk.de\/wordpress\/index.php?rest_route=%2Fwp%2Fv2%2Fmedia&parent=171"}],"wp:term":[{"taxonomy":"category","embeddable":true,"href":"http:\/\/www.agra-rundfunk.de\/wordpress\/index.php?rest_route=%2Fwp%2Fv2%2Fcategories&post=171"},{"taxonomy":"post_tag","embeddable":true,"href":"http:\/\/www.agra-rundfunk.de\/wordpress\/index.php?rest_route=%2Fwp%2Fv2%2Ftags&post=171"}],"curies":[{"name":"wp","href":"https:\/\/api.w.org\/{rel}","templated":true}]}}