{"id":17,"date":"2009-07-24T12:26:52","date_gmt":"2009-07-24T10:26:52","guid":{"rendered":"http:\/\/blog.agra-rundfunk.de\/?p=17"},"modified":"2009-09-24T19:10:44","modified_gmt":"2009-09-24T17:10:44","slug":"das-agra-wiki","status":"publish","type":"post","link":"http:\/\/www.agra-rundfunk.de\/wordpress\/?p=17","title":{"rendered":"Das AGRA-Wiki"},"content":{"rendered":"<p>Die <a href=\"http:\/\/wiki.agra-rundfunk.de\/wiki\/\">AGRA-Seite<\/a> im Wiki ist folgenderma\u00dfen gegliedert<\/p>\n<ol>\n<li><a href=\"http:\/\/wiki.agra-rundfunk.de\/wiki\/Hauptseite#Rolle_in_der_Zivilgesellschaft\">Rolle in der Zivilgesellschaft<\/a><\/li>\n<li><a href=\"http:\/\/wiki.agra-rundfunk.de\/wiki\/Hauptseite#Ziele_der_AGRA\">Ziele der AGRA<\/a><\/li>\n<li><a href=\"http:\/\/wiki.agra-rundfunk.de\/wiki\/Hauptseite#Gr.C3.BCndungsprozess\">Gr\u00fcndungsprozess<\/a><\/li>\n<li><a href=\"http:\/\/wiki.agra-rundfunk.de\/wiki\/Hauptseite#.C3.96ffentlich-rechtlicher_Programmauftrag\">\u00d6ffentlich-rechtlicher Programmauftrag<\/a><\/li>\n<li><a href=\"http:\/\/wiki.agra-rundfunk.de\/wiki\/Hauptseite#Sprecher_der_AGRA\">Sprecher der AGRA<\/a><\/li>\n<li><a href=\"http:\/\/wiki.agra-rundfunk.de\/wiki\/Hauptseite#Ver.C3.B6ffentlichungen\">Ver\u00f6ffentlichungen<\/a><\/li>\n<li><a href=\"http:\/\/wiki.agra-rundfunk.de\/wiki\/Hauptseite#Einzelnachweise\">Einzelnachweise<\/a><\/li>\n<li><a href=\"http:\/\/wiki.agra-rundfunk.de\/wiki\/Hauptseite#Literatur\">Literatur<\/a><\/li>\n<li><a href=\"http:\/\/wiki.agra-rundfunk.de\/wiki\/Hauptseite#Weblinks\">Weblinks<\/a><\/li>\n<\/ol>\n","protected":false},"excerpt":{"rendered":"<p>Die AGRA-Seite im Wiki ist folgenderma\u00dfen gegliedert Rolle in der Zivilgesellschaft Ziele der AGRA Gr\u00fcndungsprozess \u00d6ffentlich-rechtlicher Programmauftrag Sprecher der AGRA Ver\u00f6ffentlichungen Einzelnachweise Literatur Weblinks<\/p>\n","protected":false},"author":3,"featured_media":0,"comment_status":"open","ping_status":"open","sticky":false,"template":"","format":"standard","meta":{"jetpack_post_was_ever_published":false,"_jetpack_newsletter_access":"","_jetpack_dont_email_post_to_subs":false,"_jetpack_newsletter_tier_id":0,"_jetpack_memberships_contains_paywalled_content":false,"_jetpack_memberships_contains_paid_content":false,"footnotes":"","jetpack_publicize_message":"","jetpack_publicize_feature_enabled":true,"jetpack_social_post_already_shared":false,"jetpack_social_options":{"image_generator_settings":{"template":"highway","default_image_id":0,"font":"","enabled":false},"version":2}},"categories":[3,5],"tags":[],"class_list":["post-17","post","type-post","status-publish","format-standard","hentry","category-agra","category-editorial","entry"],"jetpack_publicize_connections":[],"jetpack_featured_media_url":"","jetpack_sharing_enabled":true,"jetpack_shortlink":"https:\/\/wp.me\/p5x4SE-h","_links":{"self":[{"href":"http:\/\/www.agra-rundfunk.de\/wordpress\/index.php?rest_route=\/wp\/v2\/posts\/17","targetHints":{"allow":["GET"]}}],"collection":[{"href":"http:\/\/www.agra-rundfunk.de\/wordpress\/index.php?rest_route=\/wp\/v2\/posts"}],"about":[{"href":"http:\/\/www.agra-rundfunk.de\/wordpress\/index.php?rest_route=\/wp\/v2\/types\/post"}],"author":[{"embeddable":true,"href":"http:\/\/www.agra-rundfunk.de\/wordpress\/index.php?rest_route=\/wp\/v2\/users\/3"}],"replies":[{"embeddable":true,"href":"http:\/\/www.agra-rundfunk.de\/wordpress\/index.php?rest_route=%2Fwp%2Fv2%2Fcomments&post=17"}],"version-history":[{"count":4,"href":"http:\/\/www.agra-rundfunk.de\/wordpress\/index.php?rest_route=\/wp\/v2\/posts\/17\/revisions"}],"predecessor-version":[{"id":22,"href":"http:\/\/www.agra-rundfunk.de\/wordpress\/index.php?rest_route=\/wp\/v2\/posts\/17\/revisions\/22"}],"wp:attachment":[{"href":"http:\/\/www.agra-rundfunk.de\/wordpress\/index.php?rest_route=%2Fwp%2Fv2%2Fmedia&parent=17"}],"wp:term":[{"taxonomy":"category","embeddable":true,"href":"http:\/\/www.agra-rundfunk.de\/wordpress\/index.php?rest_route=%2Fwp%2Fv2%2Fcategories&post=17"},{"taxonomy":"post_tag","embeddable":true,"href":"http:\/\/www.agra-rundfunk.de\/wordpress\/index.php?rest_route=%2Fwp%2Fv2%2Ftags&post=17"}],"curies":[{"name":"wp","href":"https:\/\/api.w.org\/{rel}","templated":true}]}}