{"id":164,"date":"2012-02-06T11:46:13","date_gmt":"2012-02-06T10:46:13","guid":{"rendered":"http:\/\/blog.agra-rundfunk.de\/?p=164"},"modified":"2015-04-17T14:17:48","modified_gmt":"2015-04-17T13:17:48","slug":"appell-an-die-intendantinnen-und-intendanten","status":"publish","type":"post","link":"http:\/\/www.agra-rundfunk.de\/wordpress\/?p=164","title":{"rendered":"Verhandlung \u00fcber die Tagesschau-App"},"content":{"rendered":"<p><strong>Appell an die Intendantinnen und Intendanten<\/strong><\/p>\n<p>Auf Bitten des Landgerichts K\u00f6ln verhandeln die ARD und acht Zeitungsverlage \u00fcber die \u201etagesschau-App\u201c und damit \u00fcber Inhalt und Ausma\u00df \u00f6ffentlich-rechtlicher Informationsangebote im Internet.  Die Arbeitsgemeinschaft der \u00f6ffentlich-rechtlichen Redakteursaussch\u00fcsse (AGRA) misst dem Ausgang dieser Verhandlungen eine entscheidende Bedeutung f\u00fcr die k\u00fcnftige Relevanz \u00f6ffentlich-rechtlicher Rundfunkprogramme bei. Die AGRA fordert deshalb die Intendantinnen und Intendanten auf, sich eindeutig hinter \u201etagesschau.de\u201c zu stellen und keinem Kompromiss zuzustimmen, der die Zukunft von ARD und ZDF im Internet gef\u00e4hrdet. Heute berichten verschiedene Medien \u00fcber die Beratungen der Intendantinnen und Intendanten der ARD \u00fcber mediale Grenzen im Internet. Am 30.01.2012 nachdem die TAZ \u00fcber den Entwurf einer gemeinsamen Absichtserkl\u00e4rung berichtet hatte, richtete die AGRA einen Appell an die Intendantinnen und Intendanten, den wir hier im Wortlaut dokumentieren.<\/p>\n<blockquote><p>Die Qualit\u00e4t des \u00f6ffentlich rechtlichen Medienangebots h\u00e4ngt ma\u00dfgeblich mit den Entwicklungsm\u00f6glichkeiten im Internet zusammen. Den Eigent\u00fcmern des \u00f6ffentlich-rechtlichen Rundfunks, also den Geb\u00fchrenzahlern, sind Bildung, Unterhaltung, Kultur und Information ohne Einschr\u00e4nkungen auch online zu vermitteln. Das ergibt sich zwingend aus dem Urteil des Bundesverfassungsgerichts zur Rundfunkgeb\u00fchrenfestsetzung vom 11. September 2007.<\/p>\n<p>Im Mittelpunkt der Klage steht der Begriff der \u201ePresse\u00e4hnlichkeit\u201c, mit dem die Verleger seit Jahren gegen \u00f6ffentlich-rechtliche Online-Angebote agitieren. Der Begriff ist auch nach dem 12. Rundfunk\u00e4nderungsstaatsvertrag von 2009 irref\u00fchrend geblieben.<\/p>\n<p>Irref\u00fchrend vor allem, weil hier ein neues Medium in die Kategorien eines Alten einsortiert werden soll. Tats\u00e4chlich aber sind die Inhalte, die ARD und ZDF produzieren, l\u00e4ngst multimedialer Natur. Texte, Bilder, Videos, Audios, Musik, interaktive Elemente und die Einordnung in soziale Netzwerke erg\u00e4nzen sich online. Das entspricht auch unserer Produktionsweise: sie ist in unseren Anstalten l\u00e4ngst crossmedial organisiert. Es w\u00e4re unserer Meinung nach falsch, die \u201ePresse\u00e4hnlichkeit\u201c, also letztlich den Anteil von Text am Gesamtwerk, im Vorhinein festzulegen. Dieser Anteil muss sich aus der Art des Ereignisses ergeben, \u00fcber das multimedial berichtet wird.<\/p>\n<p>Die AGRA h\u00e4lt es f\u00fcr dringend geboten, den Begriff der \u201ePresse\u00e4hnlichkeit\u201c notfalls vor dem Bundesverfassungsgericht zu kl\u00e4ren. ARD und ZDF d\u00fcrfen nicht zulassen, dass ihnen das h\u00f6chstrichterlich zugebilligte Recht auf Entwicklung im Internet durch die Hintert\u00fcr wieder genommen wird.<\/p>\n<p>Wir k\u00f6nnen heute in Deutschland auf \u00f6ffentlich-rechtliche Angebote von hervorragender Qualit\u00e4t blicken. Zahlreiche \u00f6ffentlich-rechtliche Produktionen haben Auszeichnungen wie den &#8222;Grimme Online Award&#8220; bekommen: Etwa die multimediale Vernetzung von DRadio Wissen, das &#8222;Wunder von Leipzig&#8220; von MDR und ARTE, das \u201eParlameter\u201c des ZDF, das SWR Kindernetz oder das Tagesschau-Blog.<\/p>\n<p>Die verschiedenen Medientypen werden auch durch die Apps f\u00fcr mobile Ger\u00e4te enger miteinander verzahnt. Diese Entwicklung ist f\u00fcr die \u00f6ffentlich-rechtlichen Redakteursvertretungen ein Fortschritt f\u00fcr die Meinungsbildung. Eine weitere Beschneidung der Internetauftritte und mobilen Angebote von ARD und ZDF w\u00e4re also auch eine Beschneidung des \u00f6ffentlich-rechtlichen Programmauftrags insgesamt. <\/p>\n<p>Beim  Text-Angebot von \u201etagesschau.de\u201c handelt es sich in der Regel um die redaktionell bearbeitete Verschriftung von Audio-Beitr\u00e4gen der ARD-Korrespondenten. Dies aufzugeben k\u00e4me einer Enteignung der  Geb\u00fchrenzahler gleich.<\/p>\n<p>\u00dcber mobile Endger\u00e4te nutzt heute ein gro\u00dfer Teil gerade der j\u00fcngeren Rezipienten die Inhalte von  ARD und ZDF. Auf die online-Verbreitung dieser Inhalte in Form der Apps zu verzichten hie\u00dfe, auch einen betr\u00e4chtlichen Teil der Zuschauer von morgen zu verlieren.<\/p>\n<p>St\u00e4rker als die TV- und Radio-M\u00e4rkte ist der Online-Markt bestimmt vom Faktor Schnelligkeit. M\u00fcssten ARD und ZDF immer warten, bis Audio- oder Video-Inhalte zu aktuellen Ereignissen angeboten werden, w\u00fcrden ihre Seiten nicht mehr den g\u00e4ngigen Erwartungen der Nutzer und ihres Umfeldes gerecht werden. Auch eine Aktualisierung bestehender Meldungen w\u00e4re nicht mehr vom tats\u00e4chlichen Geschehen diktiert, sondern von den Sendezeiten der TV- und Radioprogramme.<\/p>\n<p>Wir glauben, dass viele der Themen unserer Berichterstattung auf einem rein kommerziell organisierten Markt nicht oder nur in ganz anderer Form vork\u00e4men. <\/p>\n<p>Als Arbeitsgemeinschaft der \u00f6ffentlich-rechtlichen Redakteursaussch\u00fcsse fordern wir deshalb die Intendantinnen und Intendanten auf, sich eindeutig zu \u201etagesschau.de\u201c in seiner jetzigen Form zu bekennen und jeden Vorsto\u00df zur\u00fcckzuweisen, der die Angebote von ARD und ZDF im Internet beschr\u00e4nken w\u00fcrde.<\/p><\/blockquote>\n","protected":false},"excerpt":{"rendered":"<p>Appell an die Intendantinnen und Intendanten Auf Bitten des Landgerichts K\u00f6ln verhandeln die ARD und acht Zeitungsverlage \u00fcber die \u201etagesschau-App\u201c und damit \u00fcber Inhalt und Ausma\u00df \u00f6ffentlich-rechtlicher Informationsangebote im Internet. Die Arbeitsgemeinschaft der \u00f6ffentlich-rechtlichen Redakteursaussch\u00fcsse (AGRA) misst dem Ausgang dieser Verhandlungen eine entscheidende Bedeutung f\u00fcr die k\u00fcnftige Relevanz \u00f6ffentlich-rechtlicher Rundfunkprogramme bei. Die AGRA fordert deshalb &hellip; <\/p>\n<p class=\"link-more\"><a href=\"http:\/\/www.agra-rundfunk.de\/wordpress\/?p=164\" class=\"more-link\"><span class=\"screen-reader-text\">\u201eVerhandlung \u00fcber die Tagesschau-App\u201c<\/span> weiterlesen<\/a><\/p>\n","protected":false},"author":3,"featured_media":0,"comment_status":"open","ping_status":"open","sticky":false,"template":"","format":"standard","meta":{"jetpack_post_was_ever_published":false,"_jetpack_newsletter_access":"","_jetpack_dont_email_post_to_subs":false,"_jetpack_newsletter_tier_id":0,"_jetpack_memberships_contains_paywalled_content":false,"_jetpack_memberships_contains_paid_content":false,"footnotes":"","jetpack_publicize_message":"","jetpack_publicize_feature_enabled":true,"jetpack_social_post_already_shared":false,"jetpack_social_options":{"image_generator_settings":{"template":"highway","default_image_id":0,"font":"","enabled":false},"version":2}},"categories":[3,9,4,24],"tags":[],"class_list":["post-164","post","type-post","status-publish","format-standard","hentry","category-agra","category-ard","category-beschluss","category-stellungnahme","entry"],"jetpack_publicize_connections":[],"jetpack_featured_media_url":"","jetpack_sharing_enabled":true,"jetpack_shortlink":"https:\/\/wp.me\/p5x4SE-2E","_links":{"self":[{"href":"http:\/\/www.agra-rundfunk.de\/wordpress\/index.php?rest_route=\/wp\/v2\/posts\/164","targetHints":{"allow":["GET"]}}],"collection":[{"href":"http:\/\/www.agra-rundfunk.de\/wordpress\/index.php?rest_route=\/wp\/v2\/posts"}],"about":[{"href":"http:\/\/www.agra-rundfunk.de\/wordpress\/index.php?rest_route=\/wp\/v2\/types\/post"}],"author":[{"embeddable":true,"href":"http:\/\/www.agra-rundfunk.de\/wordpress\/index.php?rest_route=\/wp\/v2\/users\/3"}],"replies":[{"embeddable":true,"href":"http:\/\/www.agra-rundfunk.de\/wordpress\/index.php?rest_route=%2Fwp%2Fv2%2Fcomments&post=164"}],"version-history":[{"count":3,"href":"http:\/\/www.agra-rundfunk.de\/wordpress\/index.php?rest_route=\/wp\/v2\/posts\/164\/revisions"}],"predecessor-version":[{"id":358,"href":"http:\/\/www.agra-rundfunk.de\/wordpress\/index.php?rest_route=\/wp\/v2\/posts\/164\/revisions\/358"}],"wp:attachment":[{"href":"http:\/\/www.agra-rundfunk.de\/wordpress\/index.php?rest_route=%2Fwp%2Fv2%2Fmedia&parent=164"}],"wp:term":[{"taxonomy":"category","embeddable":true,"href":"http:\/\/www.agra-rundfunk.de\/wordpress\/index.php?rest_route=%2Fwp%2Fv2%2Fcategories&post=164"},{"taxonomy":"post_tag","embeddable":true,"href":"http:\/\/www.agra-rundfunk.de\/wordpress\/index.php?rest_route=%2Fwp%2Fv2%2Ftags&post=164"}],"curies":[{"name":"wp","href":"https:\/\/api.w.org\/{rel}","templated":true}]}}