{"id":151,"date":"2012-01-17T16:08:18","date_gmt":"2012-01-17T15:08:18","guid":{"rendered":"http:\/\/blog.agra-rundfunk.de\/?p=151"},"modified":"2012-01-23T16:36:45","modified_gmt":"2012-01-23T15:36:45","slug":"protest-im-orf","status":"publish","type":"post","link":"http:\/\/www.agra-rundfunk.de\/wordpress\/?p=151","title":{"rendered":"Protest im ORF"},"content":{"rendered":"<p><iframe loading=\"lazy\" width=\"560\" height=\"315\" src=\"http:\/\/www.youtube.com\/embed\/o6SzZmMNfNg\" frameborder=\"0\" allowfullscreen><\/iframe><\/p>\n<p>Text der Resolution, die von 3\/4 der ORF-Journalisten unterschrieben worden ist:<\/p>\n<blockquote><p>Wir, die Journalistinnen und Journalisten des ORF, stehen f\u00fcr einen unabh\u00e4ngigen ORF. Wir sind ausschlie\u00dflich journalistischer Ethik und dem ORF-Publikum verpflichtet und lassen uns die in der Verfassung garantierte Unabh\u00e4ngigkeit des \u00f6ffentlich-rechtlichen Rundfunks nicht nehmen. Weder durch parteipolitische W\u00fcnsche noch durch die Bereitschaft der Gesch\u00e4ftsf\u00fchrung diese zu erf\u00fcllen. W\u00e4hrend Dienstposten in den Redaktionen in l\u00e4ngst unertr\u00e4glichem Ausma\u00df reduziert werden, gibt es f\u00fcr Stellen, die zur Erf\u00fcllung parteipolitischer W\u00fcnsche neu geschaffen werden, offenbar Geld. Wir fordern von der Gesch\u00e4ftsf\u00fchrung alle Vorhaben, die das Ansehen des ORF als unabh\u00e4ngiges Medienunternehmen besch\u00e4digen, zur\u00fcckzunehmen. Vom Gesetzgeber fordern wir Rahmenbedingungen, die die ORF-Unabh\u00e4ngigkeit st\u00e4rken (u.a. v\u00f6llig neues Aufsichtsgremium, verbessertes Redakteursstatut).<\/p>\n<p>Der ORF geh\u00f6rt den \u00d6sterreicherinnen und \u00d6sterreichern &#8211; nicht den Parteien.<\/p><\/blockquote>\n","protected":false},"excerpt":{"rendered":"<p>Text der Resolution, die von 3\/4 der ORF-Journalisten unterschrieben worden ist: Wir, die Journalistinnen und Journalisten des ORF, stehen f\u00fcr einen unabh\u00e4ngigen ORF. Wir sind ausschlie\u00dflich journalistischer Ethik und dem ORF-Publikum verpflichtet und lassen uns die in der Verfassung garantierte Unabh\u00e4ngigkeit des \u00f6ffentlich-rechtlichen Rundfunks nicht nehmen. Weder durch parteipolitische W\u00fcnsche noch durch die Bereitschaft der &hellip; <\/p>\n<p class=\"link-more\"><a href=\"http:\/\/www.agra-rundfunk.de\/wordpress\/?p=151\" class=\"more-link\"><span class=\"screen-reader-text\">\u201eProtest im ORF\u201c<\/span> weiterlesen<\/a><\/p>\n","protected":false},"author":3,"featured_media":0,"comment_status":"open","ping_status":"open","sticky":false,"template":"","format":"standard","meta":{"jetpack_post_was_ever_published":false,"_jetpack_newsletter_access":"","_jetpack_dont_email_post_to_subs":false,"_jetpack_newsletter_tier_id":0,"_jetpack_memberships_contains_paywalled_content":false,"_jetpack_memberships_contains_paid_content":false,"footnotes":"","jetpack_publicize_message":"","jetpack_publicize_feature_enabled":true,"jetpack_social_post_already_shared":false,"jetpack_social_options":{"image_generator_settings":{"template":"highway","default_image_id":0,"font":"","enabled":false},"version":2}},"categories":[21,20],"tags":[],"class_list":["post-151","post","type-post","status-publish","format-standard","hentry","category-orf","category-video","entry"],"jetpack_publicize_connections":[],"jetpack_featured_media_url":"","jetpack_sharing_enabled":true,"jetpack_shortlink":"https:\/\/wp.me\/p5x4SE-2r","_links":{"self":[{"href":"http:\/\/www.agra-rundfunk.de\/wordpress\/index.php?rest_route=\/wp\/v2\/posts\/151","targetHints":{"allow":["GET"]}}],"collection":[{"href":"http:\/\/www.agra-rundfunk.de\/wordpress\/index.php?rest_route=\/wp\/v2\/posts"}],"about":[{"href":"http:\/\/www.agra-rundfunk.de\/wordpress\/index.php?rest_route=\/wp\/v2\/types\/post"}],"author":[{"embeddable":true,"href":"http:\/\/www.agra-rundfunk.de\/wordpress\/index.php?rest_route=\/wp\/v2\/users\/3"}],"replies":[{"embeddable":true,"href":"http:\/\/www.agra-rundfunk.de\/wordpress\/index.php?rest_route=%2Fwp%2Fv2%2Fcomments&post=151"}],"version-history":[{"count":7,"href":"http:\/\/www.agra-rundfunk.de\/wordpress\/index.php?rest_route=\/wp\/v2\/posts\/151\/revisions"}],"predecessor-version":[{"id":163,"href":"http:\/\/www.agra-rundfunk.de\/wordpress\/index.php?rest_route=\/wp\/v2\/posts\/151\/revisions\/163"}],"wp:attachment":[{"href":"http:\/\/www.agra-rundfunk.de\/wordpress\/index.php?rest_route=%2Fwp%2Fv2%2Fmedia&parent=151"}],"wp:term":[{"taxonomy":"category","embeddable":true,"href":"http:\/\/www.agra-rundfunk.de\/wordpress\/index.php?rest_route=%2Fwp%2Fv2%2Fcategories&post=151"},{"taxonomy":"post_tag","embeddable":true,"href":"http:\/\/www.agra-rundfunk.de\/wordpress\/index.php?rest_route=%2Fwp%2Fv2%2Ftags&post=151"}],"curies":[{"name":"wp","href":"https:\/\/api.w.org\/{rel}","templated":true}]}}