{"id":121,"date":"2011-07-13T10:42:47","date_gmt":"2011-07-13T09:42:47","guid":{"rendered":"http:\/\/blog.agra-rundfunk.de\/?p=121"},"modified":"2011-07-13T10:42:47","modified_gmt":"2011-07-13T09:42:47","slug":"orf-gibt-sich-verhaltenskodex","status":"publish","type":"post","link":"http:\/\/www.agra-rundfunk.de\/wordpress\/?p=121","title":{"rendered":"ORF gibt sich Verhaltenskodex"},"content":{"rendered":"<p>Als Erg\u00e4nzung zum <a href=\"http:\/\/neuelinks.de\/er\">Redakteurstatut<\/a> gibt sich der ORF nun auch einen <a href=\"http:\/\/neuelinks.de\/eq\">Verhaltenskodex<\/a> f\u00fcr Redakteure. Beide sind als Download-Dokumente verlinkt.<\/p>\n<blockquote><p>Um Qualit\u00e4t, Authentizit\u00e4t und Glaubw\u00fcrdigkeit der ORF-Berichterstattung sicherzustellen, wurde vorliegender Verhaltenskodex auf Basis von ORF-G \u00a7 4 in Einvernehmen mit dem Redakteursausschuss erstellt und von Publikumsrat und Stiftungsrat genehmigt. Er gilt f\u00fcr alle journalistischen Mitarbeiter\/innen des ORF und dar\u00fcber hinaus f\u00fcr alle ORF-Mitarbeiter\/innen, die in Leitungsfunktion t\u00e4tig sind. Als Anlaufstelle zur Beratung zur Sicherung und Einhaltung dieses Kodex ist ein Ethikrat eingerichtet.<\/p><\/blockquote>\n","protected":false},"excerpt":{"rendered":"<p>Als Erg\u00e4nzung zum Redakteurstatut gibt sich der ORF nun auch einen Verhaltenskodex f\u00fcr Redakteure. Beide sind als Download-Dokumente verlinkt. Um Qualit\u00e4t, Authentizit\u00e4t und Glaubw\u00fcrdigkeit der ORF-Berichterstattung sicherzustellen, wurde vorliegender Verhaltenskodex auf Basis von ORF-G \u00a7 4 in Einvernehmen mit dem Redakteursausschuss erstellt und von Publikumsrat und Stiftungsrat genehmigt. Er gilt f\u00fcr alle journalistischen Mitarbeiter\/innen des &hellip; <\/p>\n<p class=\"link-more\"><a href=\"http:\/\/www.agra-rundfunk.de\/wordpress\/?p=121\" class=\"more-link\"><span class=\"screen-reader-text\">\u201eORF gibt sich Verhaltenskodex\u201c<\/span> weiterlesen<\/a><\/p>\n","protected":false},"author":3,"featured_media":0,"comment_status":"open","ping_status":"open","sticky":false,"template":"","format":"standard","meta":{"jetpack_post_was_ever_published":false,"_jetpack_newsletter_access":"","_jetpack_dont_email_post_to_subs":false,"_jetpack_newsletter_tier_id":0,"_jetpack_memberships_contains_paywalled_content":false,"_jetpack_memberships_contains_paid_content":false,"footnotes":"","jetpack_publicize_message":"","jetpack_publicize_feature_enabled":true,"jetpack_social_post_already_shared":false,"jetpack_social_options":{"image_generator_settings":{"template":"highway","default_image_id":0,"font":"","enabled":false},"version":2}},"categories":[17],"tags":[],"class_list":["post-121","post","type-post","status-publish","format-standard","hentry","category-statut","entry"],"jetpack_publicize_connections":[],"jetpack_featured_media_url":"","jetpack_sharing_enabled":true,"jetpack_shortlink":"https:\/\/wp.me\/p5x4SE-1X","_links":{"self":[{"href":"http:\/\/www.agra-rundfunk.de\/wordpress\/index.php?rest_route=\/wp\/v2\/posts\/121","targetHints":{"allow":["GET"]}}],"collection":[{"href":"http:\/\/www.agra-rundfunk.de\/wordpress\/index.php?rest_route=\/wp\/v2\/posts"}],"about":[{"href":"http:\/\/www.agra-rundfunk.de\/wordpress\/index.php?rest_route=\/wp\/v2\/types\/post"}],"author":[{"embeddable":true,"href":"http:\/\/www.agra-rundfunk.de\/wordpress\/index.php?rest_route=\/wp\/v2\/users\/3"}],"replies":[{"embeddable":true,"href":"http:\/\/www.agra-rundfunk.de\/wordpress\/index.php?rest_route=%2Fwp%2Fv2%2Fcomments&post=121"}],"version-history":[{"count":1,"href":"http:\/\/www.agra-rundfunk.de\/wordpress\/index.php?rest_route=\/wp\/v2\/posts\/121\/revisions"}],"predecessor-version":[{"id":122,"href":"http:\/\/www.agra-rundfunk.de\/wordpress\/index.php?rest_route=\/wp\/v2\/posts\/121\/revisions\/122"}],"wp:attachment":[{"href":"http:\/\/www.agra-rundfunk.de\/wordpress\/index.php?rest_route=%2Fwp%2Fv2%2Fmedia&parent=121"}],"wp:term":[{"taxonomy":"category","embeddable":true,"href":"http:\/\/www.agra-rundfunk.de\/wordpress\/index.php?rest_route=%2Fwp%2Fv2%2Fcategories&post=121"},{"taxonomy":"post_tag","embeddable":true,"href":"http:\/\/www.agra-rundfunk.de\/wordpress\/index.php?rest_route=%2Fwp%2Fv2%2Ftags&post=121"}],"curies":[{"name":"wp","href":"https:\/\/api.w.org\/{rel}","templated":true}]}}