{"id":1108,"date":"2026-03-04T15:19:04","date_gmt":"2026-03-04T14:19:04","guid":{"rendered":"http:\/\/www.agra-rundfunk.de\/wordpress\/?p=1108"},"modified":"2026-03-04T15:49:46","modified_gmt":"2026-03-04T14:49:46","slug":"einigung-von-ard-und-zdf-gutes-signal-fuer-staerkung-des-informationsangebots","status":"publish","type":"post","link":"http:\/\/www.agra-rundfunk.de\/wordpress\/?p=1108","title":{"rendered":"Einigung von ARD und ZDF: Gutes Signal f\u00fcr St\u00e4rkung des Informationsangebots"},"content":{"rendered":"<p>ARD und ZDF haben sich darauf geeinigt, welche Sender gestrichen und welche zusammengelegt werden sollen. Dass Phoenix erhalten bleiben und das Informationsangebot geb\u00fcndelt werden soll, begr\u00fc\u00dfen wir ausdr\u00fccklich. \u201eDas ist ein gutes Zeichen f\u00fcr qualitativ hochwertige und verl\u00e4ssliche Berichterstattung &#8211; auch in Zukunft. ARD und ZDF m\u00fcssen weiterhin ein Bollwerk gegen Manipulation und Fake News sein\u201c, sagt, Hubert Krech, Sprecher der Arbeitsgemeinschaft der Redaktionsaussch\u00fcsse von ARD, ZDF und Deutschlandradio.<\/p>\n<p>Die AGRA hat lange gegen die Pl\u00e4ne der Medienpolitik gek\u00e4mpft, gerade in Zeiten von gezielter Falschinformationen Sender aus dem Informationsbereich zu streichen. Mit der Entscheidung der Intendantinnen und Intendanten kann der Verlust von Information nun weitgehend verhindert werden. Wir sehen in dem Schritt auch eine St\u00e4rkung der digitalen Angebote, die nun Dokus, Reportagen, Live-Angebote und auch fiktionale Angebote von beiden Sendern b\u00fcndeln \u2013 das ist ganz im Sinne der Zuschauer und User.<\/p>\n<p>Wir fordern, dass bei der konkreten Umsetzung die Fachkenntnisse der Redakteurinnen und Redakteure einflie\u00dfen. Die Zusammenlegung darf auch nicht zu einem Stellenabbau und zu finanziellen Einsparungen in den Info-Bereichen f\u00fchren, denn gerade hier sehen wir gro\u00dfe Herausforderungen.<\/p>\n<p>______________<\/p>\n<p>AGRA \u2013 Arbeitsgemeinschaft der \u00f6ffentlich-rechtlichen Redaktionsaussch\u00fcsse<\/p>\n<p>Sprecher*innen: Hubert Krech (ZDF), Alexandra Dietz (SWR), Gabriela Mirkovic (NDR)<\/p>\n<p>Kontakt: <a href=\"mailto:sprecher@agra-rundfunk.de\">sprecher@agra-rundfunk.de<\/a> &#8211; <a href=\"http:\/\/blog.agra-rundfunk.de\">http:\/\/blog.agra-rundfunk.de<\/a><\/p>\n<p>Die AGRA ist die Arbeitsgemeinschaft der \u00f6ffentlich-rechtlichen Redaktionsaussch\u00fcsse (ARD, ZDF, Deutschlandradio und Deutsche Welle). Die Redaktionsaussch\u00fcsse sind jeweils gew\u00e4hlte Vertreter der Redakteurinnen und Redakteure und setzen sich f\u00fcr die innere und \u00e4u\u00dfere Pressefreiheit ein. Die Redakteursmitwirkung im \u00f6ffentlich-rechtlichen Rundfunk wurde vom Bundesverfassungsgericht best\u00e4tigt und ist in mehreren Bundesl\u00e4ndern gesetzlich festgeschrieben.<\/p>\n","protected":false},"excerpt":{"rendered":"<p>ARD und ZDF haben sich darauf geeinigt, welche Sender gestrichen und welche zusammengelegt werden sollen. Dass Phoenix erhalten bleiben und das Informationsangebot geb\u00fcndelt werden soll, begr\u00fc\u00dfen wir ausdr\u00fccklich. \u201eDas ist ein gutes Zeichen f\u00fcr qualitativ hochwertige und verl\u00e4ssliche Berichterstattung &#8211; auch in Zukunft. ARD und ZDF m\u00fcssen weiterhin ein Bollwerk gegen Manipulation und Fake News &hellip; <\/p>\n<p class=\"link-more\"><a href=\"http:\/\/www.agra-rundfunk.de\/wordpress\/?p=1108\" class=\"more-link\"><span class=\"screen-reader-text\">\u201eEinigung von ARD und ZDF: Gutes Signal f\u00fcr St\u00e4rkung des Informationsangebots\u201c<\/span> weiterlesen<\/a><\/p>\n","protected":false},"author":8,"featured_media":0,"comment_status":"open","ping_status":"open","sticky":false,"template":"","format":"standard","meta":{"jetpack_post_was_ever_published":false,"_jetpack_newsletter_access":"","_jetpack_dont_email_post_to_subs":false,"_jetpack_newsletter_tier_id":0,"_jetpack_memberships_contains_paywalled_content":false,"_jetpack_memberships_contains_paid_content":false,"footnotes":"","jetpack_publicize_message":"","jetpack_publicize_feature_enabled":true,"jetpack_social_post_already_shared":true,"jetpack_social_options":{"image_generator_settings":{"template":"highway","default_image_id":0,"font":"","enabled":false},"version":2}},"categories":[1],"tags":[],"class_list":["post-1108","post","type-post","status-publish","format-standard","hentry","category-uncategorized","entry"],"jetpack_publicize_connections":[],"jetpack_featured_media_url":"","jetpack_sharing_enabled":true,"jetpack_shortlink":"https:\/\/wp.me\/p5x4SE-hS","_links":{"self":[{"href":"http:\/\/www.agra-rundfunk.de\/wordpress\/index.php?rest_route=\/wp\/v2\/posts\/1108","targetHints":{"allow":["GET"]}}],"collection":[{"href":"http:\/\/www.agra-rundfunk.de\/wordpress\/index.php?rest_route=\/wp\/v2\/posts"}],"about":[{"href":"http:\/\/www.agra-rundfunk.de\/wordpress\/index.php?rest_route=\/wp\/v2\/types\/post"}],"author":[{"embeddable":true,"href":"http:\/\/www.agra-rundfunk.de\/wordpress\/index.php?rest_route=\/wp\/v2\/users\/8"}],"replies":[{"embeddable":true,"href":"http:\/\/www.agra-rundfunk.de\/wordpress\/index.php?rest_route=%2Fwp%2Fv2%2Fcomments&post=1108"}],"version-history":[{"count":3,"href":"http:\/\/www.agra-rundfunk.de\/wordpress\/index.php?rest_route=\/wp\/v2\/posts\/1108\/revisions"}],"predecessor-version":[{"id":1111,"href":"http:\/\/www.agra-rundfunk.de\/wordpress\/index.php?rest_route=\/wp\/v2\/posts\/1108\/revisions\/1111"}],"wp:attachment":[{"href":"http:\/\/www.agra-rundfunk.de\/wordpress\/index.php?rest_route=%2Fwp%2Fv2%2Fmedia&parent=1108"}],"wp:term":[{"taxonomy":"category","embeddable":true,"href":"http:\/\/www.agra-rundfunk.de\/wordpress\/index.php?rest_route=%2Fwp%2Fv2%2Fcategories&post=1108"},{"taxonomy":"post_tag","embeddable":true,"href":"http:\/\/www.agra-rundfunk.de\/wordpress\/index.php?rest_route=%2Fwp%2Fv2%2Ftags&post=1108"}],"curies":[{"name":"wp","href":"https:\/\/api.w.org\/{rel}","templated":true}]}}