{"id":1013,"date":"2024-10-25T19:42:44","date_gmt":"2024-10-25T18:42:44","guid":{"rendered":"https:\/\/www.agra-rundfunk.de\/wordpress\/?p=1013"},"modified":"2024-10-28T21:09:06","modified_gmt":"2024-10-28T20:09:06","slug":"reform-ist-eine-mutwillige-schwaechung-der-oeffentlich-rechtlichen","status":"publish","type":"post","link":"http:\/\/www.agra-rundfunk.de\/wordpress\/?p=1013","title":{"rendered":"Reform ist eine mutwillige Schw\u00e4chung der \u00d6ffentlich-Rechtlichen"},"content":{"rendered":"<p>Der Reformstaatsvertrag f\u00fcr ARD, ZDF und Deutschlandradio ist in wichtigen Teilen r\u00fcckw\u00e4rtsgewandt und weltfremd. Vor allem die Beschr\u00e4nkungen bei den Online-Angeboten sind eine Fesselung der Sender und wirken sich negativ auf deren Zukunftsf\u00e4higkeit aus. \u201eDas bedeutet eine mutwillige Schw\u00e4chung der \u00f6ffentlich-rechtlichen Sender\u201c, sagt Hubert Krech, Sprecher der AGRA, das ist \u201eein Einknicken der Politiker vor den Verlegern.\u201c<\/p>\n<p>Wir sehen bei der Frage der \u201ePresse\u00e4hnlichkeit\u201c zwar eine leichte Verbesserung zu fr\u00fcheren Pl\u00e4nen der Rundfunkkommission, jedoch sind die neuen Vorgaben eine deutliche Verschlechterung zum Status Quo: In Zukunft sollen ARD, ZDF und Deutschlandradio nur noch in wenigen Ausnahmef\u00e4llen Texte ver\u00f6ffentlichen d\u00fcrfen, zum Beispiel bei Livetickern zu aktuellen Ereignissen, Faktenchecks oder zu schon im Fernsehen oder Radio abgespielten Sendungen.<\/p>\n<p>Das alles widerspricht dem Auftrag, alle Menschen \u2013 vor allem j\u00fcngere &#8211; zu erreichen, die sich immer mehr \u00fcber die Weltlage vornehmlich online informieren und nicht auf eine Ausstrahlung im linearen Programm warten. Die Gefahr ist gro\u00df, dass in Zeiten von Fake News und gezielter Manipulation immer mehr Menschen dazu gezwungen sind, auf unseri\u00f6se Quellen zur\u00fcckzugreifen. Stattdessen w\u00e4re eine St\u00e4rkung des unabh\u00e4ngigen und ausgewogenen Journalismus notwendig, wie ARD, ZDF und Deutschlandradio ihn bieten \u2013 Texte liefern im Netz schnelle Informationen und in vielen F\u00e4llen bessere Hintergr\u00fcnde und Analysen. Verlierer der Reform sind also die Nutzerinnen und Nutzer.<\/p>\n<p>Wir kritisieren zudem das Procedere scharf. Eine so weitreichende Reform, die die ganze Gesellschaft betrifft, in so kurzer Zeit durchzuboxen, ist fahrl\u00e4ssig. Dazu stellt sich die Frage, ob die Zehntausende an Eingaben zu den Reformpl\u00e4nen \u00fcberhaupt ernsthaft gepr\u00fcft wurden. Zudem wurden weder wir als Programmmacherinnen und -macher in die Reformdiskussion einbezogen, noch wurden die Vorschl\u00e4ge des extra eingerichteten \u201eZukunftsrats\u201c ausreichend ber\u00fccksichtigt<\/p>\n<p>______________<\/p>\n<p>AGRA \u2013 Arbeitsgemeinschaft der \u00f6ffentlich-rechtlichen Redaktionsaussch\u00fcsse<\/p>\n<p>Sprecher*innen: Hubert Krech (ZDF), Gabi Probst (RBB), Alexandra Dietz (SWR)<\/p>\n<p>Kontakt:\u00a0<a href=\"mailto:sprecher@agra-rundfunk.de\">sprecher@agra-rundfunk.de<\/a>\u00a0\u2013\u00a0<a href=\"http:\/\/blog.agra-rundfunk.de\/\">http:\/\/blog.agra-rundfunk.de<\/a><\/p>\n<p>Die AGRA ist die Arbeitsgemeinschaft der \u00f6ffentlich-rechtlichen Redaktionsaussch\u00fcsse (ARD, ZDF, Deutschlandradio und Deutsche Welle). Die Redaktionsaussch\u00fcsse sind jeweils gew\u00e4hlte Vertreter der Redakteurinnen und Redakteure und setzen sich f\u00fcr die innere und \u00e4u\u00dfere Pressefreiheit ein. Die Redakteursmitwirkung im \u00f6ffentlich-rechtlichen Rundfunk wurde vom Bundesverfassungsgericht best\u00e4tigt und ist in mehreren Bundesl\u00e4ndern gesetzlich festgeschrieben.<\/p>\n<p>&nbsp;<\/p>\n","protected":false},"excerpt":{"rendered":"<p>Der Reformstaatsvertrag f\u00fcr ARD, ZDF und Deutschlandradio ist in wichtigen Teilen r\u00fcckw\u00e4rtsgewandt und weltfremd. Vor allem die Beschr\u00e4nkungen bei den Online-Angeboten sind eine Fesselung der Sender und wirken sich negativ auf deren Zukunftsf\u00e4higkeit aus. \u201eDas bedeutet eine mutwillige Schw\u00e4chung der \u00f6ffentlich-rechtlichen Sender\u201c, sagt Hubert Krech, Sprecher der AGRA, das ist \u201eein Einknicken der Politiker vor &hellip; <\/p>\n<p class=\"link-more\"><a href=\"http:\/\/www.agra-rundfunk.de\/wordpress\/?p=1013\" class=\"more-link\"><span class=\"screen-reader-text\">\u201eReform ist eine mutwillige Schw\u00e4chung der \u00d6ffentlich-Rechtlichen\u201c<\/span> weiterlesen<\/a><\/p>\n","protected":false},"author":8,"featured_media":0,"comment_status":"open","ping_status":"open","sticky":false,"template":"","format":"standard","meta":{"jetpack_post_was_ever_published":false,"_jetpack_newsletter_access":"","_jetpack_dont_email_post_to_subs":false,"_jetpack_newsletter_tier_id":0,"_jetpack_memberships_contains_paywalled_content":false,"_jetpack_memberships_contains_paid_content":false,"footnotes":"","jetpack_publicize_message":"","jetpack_publicize_feature_enabled":true,"jetpack_social_post_already_shared":true,"jetpack_social_options":{"image_generator_settings":{"template":"highway","default_image_id":0,"font":"","enabled":false},"version":2}},"categories":[1],"tags":[],"class_list":["post-1013","post","type-post","status-publish","format-standard","hentry","category-uncategorized","entry"],"jetpack_publicize_connections":[],"jetpack_featured_media_url":"","jetpack_sharing_enabled":true,"jetpack_shortlink":"https:\/\/wp.me\/p5x4SE-gl","_links":{"self":[{"href":"http:\/\/www.agra-rundfunk.de\/wordpress\/index.php?rest_route=\/wp\/v2\/posts\/1013","targetHints":{"allow":["GET"]}}],"collection":[{"href":"http:\/\/www.agra-rundfunk.de\/wordpress\/index.php?rest_route=\/wp\/v2\/posts"}],"about":[{"href":"http:\/\/www.agra-rundfunk.de\/wordpress\/index.php?rest_route=\/wp\/v2\/types\/post"}],"author":[{"embeddable":true,"href":"http:\/\/www.agra-rundfunk.de\/wordpress\/index.php?rest_route=\/wp\/v2\/users\/8"}],"replies":[{"embeddable":true,"href":"http:\/\/www.agra-rundfunk.de\/wordpress\/index.php?rest_route=%2Fwp%2Fv2%2Fcomments&post=1013"}],"version-history":[{"count":6,"href":"http:\/\/www.agra-rundfunk.de\/wordpress\/index.php?rest_route=\/wp\/v2\/posts\/1013\/revisions"}],"predecessor-version":[{"id":1023,"href":"http:\/\/www.agra-rundfunk.de\/wordpress\/index.php?rest_route=\/wp\/v2\/posts\/1013\/revisions\/1023"}],"wp:attachment":[{"href":"http:\/\/www.agra-rundfunk.de\/wordpress\/index.php?rest_route=%2Fwp%2Fv2%2Fmedia&parent=1013"}],"wp:term":[{"taxonomy":"category","embeddable":true,"href":"http:\/\/www.agra-rundfunk.de\/wordpress\/index.php?rest_route=%2Fwp%2Fv2%2Fcategories&post=1013"},{"taxonomy":"post_tag","embeddable":true,"href":"http:\/\/www.agra-rundfunk.de\/wordpress\/index.php?rest_route=%2Fwp%2Fv2%2Ftags&post=1013"}],"curies":[{"name":"wp","href":"https:\/\/api.w.org\/{rel}","templated":true}]}}